{"id":4983,"date":"2023-03-30T17:25:21","date_gmt":"2023-03-30T17:25:21","guid":{"rendered":"https:\/\/ladepeche.mr\/?p=4983"},"modified":"2023-03-30T17:25:21","modified_gmt":"2023-03-30T17:25:21","slug":"mauritanie-banque-mondiale-le-renforcement-de-la-cooperation-au-centre-des-discussions-entre-le-maepsp-et-la-directrice-des-operations-de-la-bm","status":"publish","type":"post","link":"https:\/\/ladepeche.mr\/?p=4983","title":{"rendered":"Mauritanie- Banque Mondiale : Le renforcement de la coop\u00e9ration au centre des discussions entre le MAEPSP et la directrice des op\u00e9rations de la BM"},"content":{"rendered":"<p>La coop\u00e9ration entre la Mauritanie et la BM ainsi que les moyens de la fructifier \u00e9taient au menu des discussions entre O.M. Kane, ministre des Affaires \u00e9conomiques et de la Promotion des Secteurs Productifs, lors d\u2019une audience accord\u00e9e \u00e0 Mme Kikomioua, directrice des op\u00e9rations de la Banque mondiale pour la Mauritanie, la Gambie, la Guin\u00e9e Bissaou, le S\u00e9n\u00e9gal et la R\u00e9publique du Cap-Vert. <\/p>\n<p>Ont assist\u00e9 \u00e0 ces entretiens ax\u00e9s sur l\u2019appui aux secteurs productifs en Mauritanie, le secr\u00e9taire g\u00e9n\u00e9ral du minist\u00e8re, Yacoub Ould Ahmed A\u00efcha, le directeur g\u00e9n\u00e9ral des financements et de la coop\u00e9ration \u00e9conomique, Mohamed Salem Ould Nany, du vice-pr\u00e9sident de la d\u00e9l\u00e9gation, Edward Dahdouh, et la repr\u00e9sentante r\u00e9sidente de la Banque mondiale dans notre pays, Mme. Cristina Santos.<\/p>\n","protected":false},"excerpt":{"rendered":"<p>La coop\u00e9ration entre la Mauritanie et la BM ainsi que les moyens de la fructifier \u00e9taient au menu des discussions entre O.M. Kane, ministre des Affaires \u00e9conomiques et de la Promotion des Secteurs Productifs, lors d\u2019une audience accord\u00e9e \u00e0 Mme Kikomioua, directrice des op\u00e9rations de la Banque mondiale pour la Mauritanie, la Gambie, la Guin\u00e9e &hellip;<\/p>\n","protected":false},"author":2,"featured_media":4985,"comment_status":"open","ping_status":"open","sticky":false,"template":"","format":"standard","meta":{"footnotes":""},"categories":[18,2],"tags":[],"class_list":["post-4983","post","type-post","status-publish","format-standard","has-post-thumbnail","hentry","category-actualites","category-economie"],"_links":{"self":[{"href":"https:\/\/ladepeche.mr\/index.php?rest_route=\/wp\/v2\/posts\/4983","targetHints":{"allow":["GET"]}}],"collection":[{"href":"https:\/\/ladepeche.mr\/index.php?rest_route=\/wp\/v2\/posts"}],"about":[{"href":"https:\/\/ladepeche.mr\/index.php?rest_route=\/wp\/v2\/types\/post"}],"author":[{"embeddable":true,"href":"https:\/\/ladepeche.mr\/index.php?rest_route=\/wp\/v2\/users\/2"}],"replies":[{"embeddable":true,"href":"https:\/\/ladepeche.mr\/index.php?rest_route=%2Fwp%2Fv2%2Fcomments&post=4983"}],"version-history":[{"count":1,"href":"https:\/\/ladepeche.mr\/index.php?rest_route=\/wp\/v2\/posts\/4983\/revisions"}],"predecessor-version":[{"id":4984,"href":"https:\/\/ladepeche.mr\/index.php?rest_route=\/wp\/v2\/posts\/4983\/revisions\/4984"}],"wp:featuredmedia":[{"embeddable":true,"href":"https:\/\/ladepeche.mr\/index.php?rest_route=\/wp\/v2\/media\/4985"}],"wp:attachment":[{"href":"https:\/\/ladepeche.mr\/index.php?rest_route=%2Fwp%2Fv2%2Fmedia&parent=4983"}],"wp:term":[{"taxonomy":"category","embeddable":true,"href":"https:\/\/ladepeche.mr\/index.php?rest_route=%2Fwp%2Fv2%2Fcategories&post=4983"},{"taxonomy":"post_tag","embeddable":true,"href":"https:\/\/ladepeche.mr\/index.php?rest_route=%2Fwp%2Fv2%2Ftags&post=4983"}],"curies":[{"name":"wp","href":"https:\/\/api.w.org\/{rel}","templated":true}]}}