{"id":4995,"date":"2023-03-30T18:28:44","date_gmt":"2023-03-30T18:28:44","guid":{"rendered":"https:\/\/ladepeche.mr\/?p=4995"},"modified":"2023-03-30T18:28:44","modified_gmt":"2023-03-30T18:28:44","slug":"mauritanie-france-apres-une-audience-accordee-par-le-president-ghazouani-le-dg-de-lafd-r-rioux-annonce-que-la-france-via-lafd-va-reprendre-et-doubler-ses-financements-en-maur","status":"publish","type":"post","link":"https:\/\/ladepeche.mr\/?p=4995","title":{"rendered":"Mauritanie-France ; Apr\u00e8s une audience accord\u00e9e par le pr\u00e9sident Ghazouani, le DG de l\u2019AFD, R. Rioux, annonce que la France, via l\u2019AFD, va reprendre et doubler ses financements en Mauritanie"},"content":{"rendered":"<p>La France va reprendre et redoubler ses financements en Mauritanie a annonc\u00e9 jeudi, \u00e0 sa sortie d\u2019audience, le DG de l\u2019Agence Fran\u00e7aise de D\u00e9veloppement, R\u00e9my Rioux, en visite de travail dans le pays. L\u2019annonce en a \u00e9t\u00e9 faite par le DG de l\u2019AFD, cit\u00e9 par l\u2019agence mauritanienne d\u2019information, indiquant qu\u2019il a fait la r\u00e9v\u00e9lation \u00ab au pr\u00e9sident de la R\u00e9publique que la France, via l\u2019AFD, allait reprendre, ses financements en Mauritanie que nous avons d\u00fb interrompre en 2015. Cela va permettre de doubler ces financements \u00bb pour prendre en charge les priorit\u00e9s du pays dans le cadre de sa politique de d\u00e9veloppement.<br \/>\nLe responsable fran\u00e7ais a, par ailleurs, r\u00e9v\u00e9l\u00e9 que l\u2019audience a permis \u00ab une revue compl\u00e8te avec Monsieur le Pr\u00e9sident, du portefeuille AFD dans le pays, soit plus de 200 millions en ex\u00e9cution. Beaucoup de travail dans le domaine de l\u2019eau, de l\u2019entreprenariat, l\u2019\u00e9ducation, l\u2019\u00e9nergie, et d\u2019autres domaines, comme la sant\u00e9 \u00bb<br \/>\nIl a encore soulign\u00e9 que l\u2019audience \u00e9tait pour lui l\u2019occasion de t\u00e9moigner le respect et le soutien de la France \u00e0 la Mauritanie et son gouvernement \u00ab pour sa grande stabilit\u00e9 et la performance de son \u00e9conomie, de sa gestion publique, au service des populations \u00bb.<br \/>\nSur le plan du G5Sahel, le DG de l\u2019AFD pr\u00e9cise aussi apporter l\u2019engagement de l\u2019AFD, pour les questions de d\u00e9veloppement dans l\u2019ensemble du Sahel avant de r\u00e9v\u00e9ler que l\u2019Alliance Sahel se r\u00e9unira prochainement \u00e0 Nouakchott pour marquer son soutien, faire le point des tr\u00e8s nombreux investissements qui sont en cours de r\u00e9alisation dans toute la r\u00e9gion et imaginer la feuille de route trac\u00e9e par le pr\u00e9sident et les autorit\u00e9s de la r\u00e9gion et la nouvelle \u00e9tape en mati\u00e8re de d\u00e9veloppement pour le Sahel.<br \/>\nNotons que sur ce dernier plan, le sommet des Chefs d\u2019Etat du G5 Sahel a act\u00e9 le 20 mars dernier, le retrait du Mali de l\u2019organisation. Une mission a cependant \u00e9t\u00e9 confi\u00e9e au pr\u00e9sident Ghazouani pour tenter de convaincre les autorit\u00e9s de transition maliennes \u00e0 revenir \u00e0 la famille du G5S.<\/p>\n","protected":false},"excerpt":{"rendered":"<p>La France va reprendre et redoubler ses financements en Mauritanie a annonc\u00e9 jeudi, \u00e0 sa sortie d\u2019audience, le DG de l\u2019Agence Fran\u00e7aise de D\u00e9veloppement, R\u00e9my Rioux, en visite de travail dans le pays. L\u2019annonce en a \u00e9t\u00e9 faite par le DG de l\u2019AFD, cit\u00e9 par l\u2019agence mauritanienne d\u2019information, indiquant qu\u2019il a fait la r\u00e9v\u00e9lation \u00ab &hellip;<\/p>\n","protected":false},"author":2,"featured_media":4997,"comment_status":"open","ping_status":"open","sticky":false,"template":"","format":"standard","meta":{"footnotes":""},"categories":[18,2,29],"tags":[],"class_list":["post-4995","post","type-post","status-publish","format-standard","has-post-thumbnail","hentry","category-actualites","category-economie","category-monde"],"_links":{"self":[{"href":"https:\/\/ladepeche.mr\/index.php?rest_route=\/wp\/v2\/posts\/4995","targetHints":{"allow":["GET"]}}],"collection":[{"href":"https:\/\/ladepeche.mr\/index.php?rest_route=\/wp\/v2\/posts"}],"about":[{"href":"https:\/\/ladepeche.mr\/index.php?rest_route=\/wp\/v2\/types\/post"}],"author":[{"embeddable":true,"href":"https:\/\/ladepeche.mr\/index.php?rest_route=\/wp\/v2\/users\/2"}],"replies":[{"embeddable":true,"href":"https:\/\/ladepeche.mr\/index.php?rest_route=%2Fwp%2Fv2%2Fcomments&post=4995"}],"version-history":[{"count":1,"href":"https:\/\/ladepeche.mr\/index.php?rest_route=\/wp\/v2\/posts\/4995\/revisions"}],"predecessor-version":[{"id":4998,"href":"https:\/\/ladepeche.mr\/index.php?rest_route=\/wp\/v2\/posts\/4995\/revisions\/4998"}],"wp:featuredmedia":[{"embeddable":true,"href":"https:\/\/ladepeche.mr\/index.php?rest_route=\/wp\/v2\/media\/4997"}],"wp:attachment":[{"href":"https:\/\/ladepeche.mr\/index.php?rest_route=%2Fwp%2Fv2%2Fmedia&parent=4995"}],"wp:term":[{"taxonomy":"category","embeddable":true,"href":"https:\/\/ladepeche.mr\/index.php?rest_route=%2Fwp%2Fv2%2Fcategories&post=4995"},{"taxonomy":"post_tag","embeddable":true,"href":"https:\/\/ladepeche.mr\/index.php?rest_route=%2Fwp%2Fv2%2Ftags&post=4995"}],"curies":[{"name":"wp","href":"https:\/\/api.w.org\/{rel}","templated":true}]}}