{"id":4999,"date":"2023-03-31T15:05:36","date_gmt":"2023-03-31T15:05:36","guid":{"rendered":"https:\/\/ladepeche.mr\/?p=4999"},"modified":"2023-03-31T15:06:06","modified_gmt":"2023-03-31T15:06:06","slug":"4999","status":"publish","type":"post","link":"https:\/\/ladepeche.mr\/?p=4999","title":{"rendered":"Economie : Le ministre des Affaires \u00e9conomiques signe une convention avec l&#8217;AFD d&#8217;une valeur de 3 milliards MRO."},"content":{"rendered":"<p>Le ministre des Affaires Economiques et de la Promotion des Secteurs Productifs, M. Ousmane Mamoudou Kane, a sign\u00e9, jeudi matin, avec le directeur g\u00e9n\u00e9ral de l&#8217;Agence fran\u00e7aise de d\u00e9veloppement, M. Remy Rioux et en pr\u00e9sence de SEM. Alexandre Garcia, Ambassadeur de France dans notre pays, une convention de  financement d&#8217;un projet d&#8217;appui \u00e0 la mise en \u0153uvre de la grande Muraille Verte en Mauritanie.<\/p>\n<p>Le financement, d&#8217;une valeur de 8 millions d&#8217;euros, soit l&#8217;\u00e9quivalent d&#8217;environ 3 milliards MRO, s&#8217;inscrit dans le cadre de la contribution \u00e0 la mise en \u0153uvre de la composante sp\u00e9ciale de notre pays dans le projet de la Grande Muraille Verte, visant \u00e0 am\u00e9liorer la r\u00e9silience des communaut\u00e9s locales et des \u00e9cosyst\u00e8mes face \u00e0 la d\u00e9sertification, la d\u00e9gradation des terres et la s\u00e9cheresse, dans un contexte o\u00f9 les questions du changement climatique s&#8217;imposent de plus en plus.<\/p>\n<p>Dans une allocution prononc\u00e9e \u00e0 l&#8217;occasion, le ministre des Affaires \u00e9conomiques a indiqu\u00e9 que la visite du directeur g\u00e9n\u00e9ral de l&#8217;AFD intervient dans une circonstance particuli\u00e8re caract\u00e9ris\u00e9e par l&#8217;\u00e9volution de l&#8217;\u00e9conomie mauritanienne.  La visite co\u00efncide, poursuit-il, avec l&#8217;\u00e9laboration par la Mauritanie d&#8217;un nouveau plan d&#8217;action  pour la mise en \u0153uvre de la  SCAPP, qui n\u00e9cessite des  financements importants. Elle intervient aussi au moment o\u00f9 la Mauritanie a pu trouver une r\u00e9ponse  s\u00e9rieuse \u00e0 sa dette ext\u00e9rieure, mais \u00e9galement dans un  contexte  marqu\u00e9 par l&#8217;exacerbation des questions environnementales et de la  s\u00e9curit\u00e9 alimentaire, dans  lequel la Mauritanie  veille \u00e0 apporter une r\u00e9ponse \u00e0 la r\u00e9solution de ces probl\u00e8mes.<\/p>\n<p>&#8220;La signature de la convention d&#8217;appui au projet de la Grande Muraille Verte vient couronner la participation de Son Excellence le Pr\u00e9sident de la R\u00e9publique au sommet qui s&#8217;est tenu \u00e0 Paris en janvier 2021 sur la Grande Muraille Verte, en sa qualit\u00e9 d&#8217;invit\u00e9 d&#8217;honneur&#8221;, a not\u00e9 le ministre. <\/p>\n<p>Par ailleurs, le ministre a fait part de  l&#8217;importance qu\u2019accorde la Mauritanie \u00e0 la r\u00e9ussite de cette initiative  qui  constitue une r\u00e9ponse aux probl\u00e8mes de d\u00e9veloppement, de la s\u00e9curit\u00e9 alimentaire et de la fixation des populations dans leurs territoires, en plus de son  volet environnemental.<\/p>\n<p>Cet accord de  3 milliards d&#8217;anciennes  Ouguiya, couvrira des secteurs ayant des activit\u00e9s importantes  comme le d\u00e9veloppement des fili\u00e8res et la s\u00e9curit\u00e9 alimentaire. Il sera \u00e9galement mis en \u0153uvre dans les bonnes conditions suivant  les  orientations de Son Excellence le Pr\u00e9sident de la R\u00e9publique.<\/p>\n<p>Le ministre a  pass\u00e9 en revue le r\u00f4le pivot du secteur priv\u00e9 en Mauritanie, \u00e9tant  devenu au c\u0153ur de toutes les strat\u00e9gies de d\u00e9veloppement adopt\u00e9es par le gouvernement.<\/p>\n<p>Au terme de son discours, il  a exprim\u00e9 sa joie du  niveau de  partenariat et du soutien dont  b\u00e9n\u00e9ficie notre pays de la part des diff\u00e9rentes structures de l&#8217;Agence fran\u00e7aise de d\u00e9veloppement.<\/p>\n<p>Pour sa part, le directeur g\u00e9n\u00e9ral de l&#8217;Agence fran\u00e7aise de d\u00e9veloppement a pass\u00e9 en revue la diversit\u00e9 des outils et des projets que le groupe AFD s&#8217;emploie \u00e0 mettre en \u0153uvre au profit de la Mauritanie.<\/p>\n<p>Il a expliqu\u00e9 que le projet de la Grande Muraille Verte est d&#8217;une grande importance en termes de diversit\u00e9 des aspects au niveau du continent africain, en particulier des zones qui sont frapp\u00e9es de plein fouet par le changement climatique.<\/p>\n<p>Il a fait savoir que l&#8217;objectif de l&#8217; AFD est d&#8217;accompagner et de soutenir le gouvernement mauritanien dans la mise en \u0153uvre de ses projets, \u00e9num\u00e9rant les diff\u00e9rents projets qu&#8217;elle soutient en Mauritanie.<\/p>\n<p>La c\u00e9r\u00e9monie de signature s&#8217;est d\u00e9roul\u00e9e en pr\u00e9sence de la ministre de l&#8217;Environnement et du d\u00e9veloppement, du secr\u00e9taire g\u00e9n\u00e9ral du minist\u00e8re des Affaires \u00e9conomiques et de plusieurs cadres relevant des deux d\u00e9partements.<\/p>\n<p>Source MAEPSP<\/p>\n","protected":false},"excerpt":{"rendered":"<p>Le ministre des Affaires Economiques et de la Promotion des Secteurs Productifs, M. Ousmane Mamoudou Kane, a sign\u00e9, jeudi matin, avec le directeur g\u00e9n\u00e9ral de l&#8217;Agence fran\u00e7aise de d\u00e9veloppement, M. Remy Rioux et en pr\u00e9sence de SEM. Alexandre Garcia, Ambassadeur de France dans notre pays, une convention de financement d&#8217;un projet d&#8217;appui \u00e0 la mise &hellip;<\/p>\n","protected":false},"author":2,"featured_media":5000,"comment_status":"open","ping_status":"open","sticky":false,"template":"","format":"standard","meta":{"footnotes":""},"categories":[18,2],"tags":[],"class_list":["post-4999","post","type-post","status-publish","format-standard","has-post-thumbnail","hentry","category-actualites","category-economie"],"_links":{"self":[{"href":"https:\/\/ladepeche.mr\/index.php?rest_route=\/wp\/v2\/posts\/4999","targetHints":{"allow":["GET"]}}],"collection":[{"href":"https:\/\/ladepeche.mr\/index.php?rest_route=\/wp\/v2\/posts"}],"about":[{"href":"https:\/\/ladepeche.mr\/index.php?rest_route=\/wp\/v2\/types\/post"}],"author":[{"embeddable":true,"href":"https:\/\/ladepeche.mr\/index.php?rest_route=\/wp\/v2\/users\/2"}],"replies":[{"embeddable":true,"href":"https:\/\/ladepeche.mr\/index.php?rest_route=%2Fwp%2Fv2%2Fcomments&post=4999"}],"version-history":[{"count":2,"href":"https:\/\/ladepeche.mr\/index.php?rest_route=\/wp\/v2\/posts\/4999\/revisions"}],"predecessor-version":[{"id":5002,"href":"https:\/\/ladepeche.mr\/index.php?rest_route=\/wp\/v2\/posts\/4999\/revisions\/5002"}],"wp:featuredmedia":[{"embeddable":true,"href":"https:\/\/ladepeche.mr\/index.php?rest_route=\/wp\/v2\/media\/5000"}],"wp:attachment":[{"href":"https:\/\/ladepeche.mr\/index.php?rest_route=%2Fwp%2Fv2%2Fmedia&parent=4999"}],"wp:term":[{"taxonomy":"category","embeddable":true,"href":"https:\/\/ladepeche.mr\/index.php?rest_route=%2Fwp%2Fv2%2Fcategories&post=4999"},{"taxonomy":"post_tag","embeddable":true,"href":"https:\/\/ladepeche.mr\/index.php?rest_route=%2Fwp%2Fv2%2Ftags&post=4999"}],"curies":[{"name":"wp","href":"https:\/\/api.w.org\/{rel}","templated":true}]}}