{"id":5003,"date":"2023-03-31T15:52:47","date_gmt":"2023-03-31T15:52:47","guid":{"rendered":"https:\/\/ladepeche.mr\/?p=5003"},"modified":"2023-03-31T15:53:52","modified_gmt":"2023-03-31T15:53:52","slug":"ouagadougou-retablit-les-relations-avec-la-coree-du-nord","status":"publish","type":"post","link":"https:\/\/ladepeche.mr\/?p=5003","title":{"rendered":"Ouagadougou r\u00e9tablit les relations avec la Cor\u00e9e du Nord"},"content":{"rendered":"<p>Le Burkina Faso a d\u00e9cid\u00e9 mercredi 29 mars, de la reprise des relations diplomatiques avec la R\u00e9publique populaire d\u00e9mocratique de Cor\u00e9e du Nord, suspendues depuis 2017, a annonc\u00e9 la ministre burkinab\u00e8 des Affaires \u00e9trang\u00e8res, Olivia Roumba \u00e0 l\u2019issue du Conseil des ministres.<\/p>\n<p>Les autorit\u00e9s burkinab\u00e9 ne cachent le motif de leur d\u00e9cision : il s\u2019agit d\u2019aller chercher des armes pour combattre le terrorisme qui endeuille le pays depuis 2015. \u00abCette reprise des relations diplomatiques avec la Cor\u00e9e du Nord permettra \u00e0 ce pays et au Burkina Faso d\u2019entretenir une coop\u00e9ration bilat\u00e9rale exemplaire dans plusieurs domaines comme le secteur de la s\u00e9curit\u00e9, \u00e0 travers l\u2019octroi \u00e0 notre pays d\u2019\u00e9quipement et de mat\u00e9riel militaires, les secteurs des mines, de la sant\u00e9, de l\u2019agriculture et de la recherche\u00bb, confirme la cheffe de la diplomatie burkinab\u00e8, Olivia Rouamba.<br \/>\nLe Conseil des ministres a examin\u00e9 et approuv\u00e9 un agr\u00e9ment pour la nomination d\u2019un ambassadeur de la R\u00e9publique populaire d\u00e9mocratique de Cor\u00e9e aupr\u00e8s du Burkina Faso. Selon la ministre des Affaires \u00e9trang\u00e8res, le Burkina Faso a jadis entretenu \u00abde tr\u00e8s bonnes relations avec ce pays qui \u00e9tait un partenaire privil\u00e9gi\u00e9 sous la p\u00e9riode de la R\u00e9volution d\u2019ao\u00fbt 1983\u00bb (ndlr : sous le r\u00e9gime de Thomas Sankara). Le Burkina Faso et la Cor\u00e9e du Nord, n\u2019entretenaient plus de relation diplomatique depuis 1983. Mais c\u2019est en 2017 que Ouagadougou a d\u00e9cid\u00e9 d\u2019arr\u00eater officiellement ses relations avec Pyongyang. Le gouvernement expliquait alors qu\u2019il s\u2019agissait de se conformer \u00e0 une recommandation de l\u2019ONU \u00e0 tous les Etats membres dans sa r\u00e9solution de sanctions prises contre la Cor\u00e9e du Nord. Pourtant, rien n\u2019a chang\u00e9 depuis, les m\u00eames sanctions sont toujours en vigueur. Pour vaincre le terrorisme islamiste, le r\u00e9gime burkinab\u00e8 est pr\u00eat \u00e0 s\u2019allier avec tous les partenaires, m\u00eame les moins fr\u00e9quentables, y compris le diable.<\/p>\n<blockquote class=\"wp-embedded-content\" data-secret=\"fnyOIAhLWG\"><p><a href=\"https:\/\/afrimag.net\/ouagadougou-retablit-les-relations-avec-la-coree-du-nord\/\">Ouagadougou r\u00e9tablit les relations avec la Cor\u00e9e du Nord<\/a><\/p><\/blockquote>\n<p><iframe loading=\"lazy\" class=\"wp-embedded-content\" sandbox=\"allow-scripts\" security=\"restricted\" style=\"position: absolute; clip: rect(1px, 1px, 1px, 1px);\" title=\"\u00ab\u00a0Ouagadougou r\u00e9tablit les relations avec la Cor\u00e9e du Nord\u00a0\u00bb &#8212; Afrimag\" src=\"https:\/\/afrimag.net\/ouagadougou-retablit-les-relations-avec-la-coree-du-nord\/embed\/#?secret=CGlT3OnqDH#?secret=fnyOIAhLWG\" data-secret=\"fnyOIAhLWG\" width=\"500\" height=\"282\" frameborder=\"0\" marginwidth=\"0\" marginheight=\"0\" scrolling=\"no\"><\/iframe><\/p>\n","protected":false},"excerpt":{"rendered":"<p>Le Burkina Faso a d\u00e9cid\u00e9 mercredi 29 mars, de la reprise des relations diplomatiques avec la R\u00e9publique populaire d\u00e9mocratique de Cor\u00e9e du Nord, suspendues depuis 2017, a annonc\u00e9 la ministre burkinab\u00e8 des Affaires \u00e9trang\u00e8res, Olivia Roumba \u00e0 l\u2019issue du Conseil des ministres. Les autorit\u00e9s burkinab\u00e9 ne cachent le motif de leur d\u00e9cision : il s\u2019agit &hellip;<\/p>\n","protected":false},"author":2,"featured_media":5004,"comment_status":"open","ping_status":"open","sticky":false,"template":"","format":"standard","meta":{"footnotes":""},"categories":[18,29,28],"tags":[],"class_list":["post-5003","post","type-post","status-publish","format-standard","has-post-thumbnail","hentry","category-actualites","category-monde","category-sahel"],"_links":{"self":[{"href":"https:\/\/ladepeche.mr\/index.php?rest_route=\/wp\/v2\/posts\/5003","targetHints":{"allow":["GET"]}}],"collection":[{"href":"https:\/\/ladepeche.mr\/index.php?rest_route=\/wp\/v2\/posts"}],"about":[{"href":"https:\/\/ladepeche.mr\/index.php?rest_route=\/wp\/v2\/types\/post"}],"author":[{"embeddable":true,"href":"https:\/\/ladepeche.mr\/index.php?rest_route=\/wp\/v2\/users\/2"}],"replies":[{"embeddable":true,"href":"https:\/\/ladepeche.mr\/index.php?rest_route=%2Fwp%2Fv2%2Fcomments&post=5003"}],"version-history":[{"count":1,"href":"https:\/\/ladepeche.mr\/index.php?rest_route=\/wp\/v2\/posts\/5003\/revisions"}],"predecessor-version":[{"id":5005,"href":"https:\/\/ladepeche.mr\/index.php?rest_route=\/wp\/v2\/posts\/5003\/revisions\/5005"}],"wp:featuredmedia":[{"embeddable":true,"href":"https:\/\/ladepeche.mr\/index.php?rest_route=\/wp\/v2\/media\/5004"}],"wp:attachment":[{"href":"https:\/\/ladepeche.mr\/index.php?rest_route=%2Fwp%2Fv2%2Fmedia&parent=5003"}],"wp:term":[{"taxonomy":"category","embeddable":true,"href":"https:\/\/ladepeche.mr\/index.php?rest_route=%2Fwp%2Fv2%2Fcategories&post=5003"},{"taxonomy":"post_tag","embeddable":true,"href":"https:\/\/ladepeche.mr\/index.php?rest_route=%2Fwp%2Fv2%2Ftags&post=5003"}],"curies":[{"name":"wp","href":"https:\/\/api.w.org\/{rel}","templated":true}]}}