{"id":5011,"date":"2023-03-31T16:13:13","date_gmt":"2023-03-31T16:13:13","guid":{"rendered":"https:\/\/ladepeche.mr\/?p=5011"},"modified":"2023-03-31T16:13:13","modified_gmt":"2023-03-31T16:13:13","slug":"visite-de-remy-rioux-directeur-general-de-lafd-et-dalain-joyandet-senateur-de-la-haute-saone-en-mauritanie-entre-capitalisation-et-perspectives-communique","status":"publish","type":"post","link":"https:\/\/ladepeche.mr\/?p=5011","title":{"rendered":"Visite de R\u00e9my Rioux, Directeur G\u00e9n\u00e9ral de l\u2019AFD et d\u2019Alain Joyandet, S\u00e9nateur de la Haute-Sa\u00f4ne, en Mauritanie \u2013 entre capitalisation et perspectives (Communiqu\u00e9)"},"content":{"rendered":"<p>Du 29 au 31 mars, R\u00e9my Rioux, Directeur G\u00e9n\u00e9ral de l\u2019AFD et Alain Joyandet, S\u00e9nateur de la Haute-Sa\u00f4ne, administrateur de l\u2019AFD et ancien secr\u00e9taire d&#8217;Etat charg\u00e9 de la Coop\u00e9ration et de la Francophonie, ont effectu\u00e9 une visite de travail en Mauritanie. Au programme : rencontres officielles, visites de projet, signatures de conventions et participation \u00e0 des \u00e9v\u00e9nements\u2026 L\u2019occasion de retracer un partenariat historique entre la France et la Mauritanie tout en \u00e9voquant les perspectives futures de collaboration dans le domaine des partenariats solidaires. <\/p>\n<p>Le directeur g\u00e9n\u00e9ral de l\u2019AFD et le s\u00e9nateur, accompagn\u00e9s de l\u2019ambassadeur de France, ont rencontr\u00e9 Son Excellence Monsieur Mohamed Ould El Ghazouani, pr\u00e9sident de la R\u00e9publique Islamique de Mauritanie. Un \u00e9change riche qui a permis de revenir sur les grandes priorit\u00e9s du gouvernement pour le d\u00e9veloppement \u00e9conomique et la stabilit\u00e9 du pays et le partenariat avec l\u2019AFD. Un temps d\u2019\u00e9changes avec le ministre des Affaires Economiques et des Secteurs Productifs a \u00e9galement eu lieu afin d\u2019\u00e9voquer les principales avanc\u00e9es et r\u00e9ussites ainsi que les pistes de collaborations futures envisag\u00e9es, notamment autour du programme de 100 barrages du pr\u00e9sident de la R\u00e9publique et des secteurs sportifs et culturels. Le directeur g\u00e9n\u00e9ral et le ministre ont sign\u00e9 \u00e0 cette occasion une convention de financement d\u2019un montant de 8 millions d\u2019euros. Ce financement s\u2019inscrit dans le cadre de l\u2019Acc\u00e9l\u00e9rateur de la Grande Muraille Verte et permettra de mettre en place des actions concr\u00e8tes de restauration des \u00e9cosyst\u00e8mes fragiles, de gestion des ressources naturelles et de d\u00e9veloppement des fili\u00e8res agropastorales.  <\/p>\n<p>Durant leur mission \u00e0 Nouakchott, le directeur g\u00e9n\u00e9ral et le s\u00e9nateur, accompagn\u00e9s de leur d\u00e9l\u00e9gation, ont visit\u00e9 des projets financ\u00e9s par l\u2019AFD en Mauritanie. Il s\u2019agit notamment du projet de la future construction du Centre national de transfusion sanguine mis en \u0153uvre par Expertise France, filiale du groupe AFD d\u00e9di\u00e9e \u00e0 la coop\u00e9ration technique, ou encore de la Ceinture verte autour de Nouakchott. Un tour d\u2019horizon des projets dans le secteur de l\u2019eau et de l\u2019assainissement, domaine d\u2019intervention historique de l\u2019AFD en Mauritanie a \u00e9t\u00e9 effectu\u00e9, avec le ministre de l\u2019Hydraulique, Monsieur Sidi Mohamed Ould Taleb Amar. Ont \u00e9t\u00e9 discut\u00e9s les r\u00e9sultats tangibles et concrets de plus de 10 ans de collaboration et de mise en \u0153uvre de programmes d\u2019acc\u00e8s \u00e0 l\u2019eau potable et \u00e0 l\u2019assainissement \u00e0 travers le pays.  <\/p>\n<blockquote class=\"wp-embedded-content\" data-secret=\"OhQUIJ6EP0\"><p><a href=\"https:\/\/ladepeche.mr\/?p=4999\">Economie : Le ministre des Affaires \u00e9conomiques signe une convention avec l&#8217;AFD d&#8217;une valeur de 3 milliards MRO.<\/a><\/p><\/blockquote>\n<p><iframe loading=\"lazy\" class=\"wp-embedded-content\" sandbox=\"allow-scripts\" security=\"restricted\" style=\"position: absolute; clip: rect(1px, 1px, 1px, 1px);\" title=\"&#8220;Economie : Le ministre des Affaires \u00e9conomiques signe une convention avec l&#8217;AFD d&#8217;une valeur de 3 milliards MRO.&#8221; &#8212; La D\u00e9p\u00eache  de Mauritanie et du Sahel\" src=\"https:\/\/ladepeche.mr\/?p=4999&#038;embed=true#?secret=L2KsRfYQgE#?secret=OhQUIJ6EP0\" data-secret=\"OhQUIJ6EP0\" width=\"500\" height=\"282\" frameborder=\"0\" marginwidth=\"0\" marginheight=\"0\" scrolling=\"no\"><\/iframe><\/p>\n<p>Le directeur g\u00e9n\u00e9ral de l\u2019AFD a \u00e9galement particip\u00e9 \u00e0 la toute premi\u00e8re \u00e9dition du Forum pour la promotion de l\u2019entrepreneuriat f\u00e9minin en Mauritanie. En effet, la question de l\u2019emploi et de l\u2019insertion \u00e9conomiques des jeunes et des femmes est un enjeu cl\u00e9 pour la Mauritanie : pr\u00e8s de la moiti\u00e9 des jeunes sont sans emploi ou en situation de sous emploi, et les femmes font face \u00e0 des contraintes plus marqu\u00e9es encore pour acc\u00e9der \u00e0 l\u2019entrepreneuriat. Lors de ce Forum, le directeur g\u00e9n\u00e9ral a abord\u00e9 ces questions sous l\u2019angle du financement, en intervenant dans un panel sur le th\u00e8me \u00ab Financement de PME f\u00e9minine \u00bb aux c\u00f4t\u00e9s de la directrice de l\u2019Agence pour la promotion de l\u2019investissement en Mauritanie, du directeur de la Caisse des d\u00e9p\u00f4ts et de d\u00e9veloppement et de la directrice du r\u00e9seau PROCAPEC. <\/p>\n<p>Par ailleurs, dans le cadre de ce d\u00e9placement, PROPARCO, filiale du groupe AFD d\u00e9di\u00e9e au secteur priv\u00e9, a conclu un accord avec la Banque Populaire de Mauritanie. Ce partenariat permettra d\u2019accompagner la croissance de la banque mauritanienne, en renfor\u00e7ant son programme de Trade Finance qui jouit d\u00e9j\u00e0 d\u2019une r\u00e9putation solide chez de nombreuses banques correspondantes comme UBAF, BMCE et Banque Chaabi. L\u2019enveloppe de garantie accord\u00e9e par Proparco porte sur un montant de 15 millions de dollars. <\/p>\n<p>Partenaire de la Mauritanie depuis pr\u00e8s de 45 ans, le groupe AFD accompagne le pays pour r\u00e9pondre aux priorit\u00e9s du gouvernement en mati\u00e8re de coh\u00e9sion sociale, d\u2019acc\u00e8s aux services essentiels et de croissance partag\u00e9e. L\u2019action du groupe AFD en Mauritanie s\u2019inscrit \u00e9galement dans le cadre d\u00e9fini par l\u2019Alliance Sahel qui f\u00e9d\u00e8re l\u2019action des acteurs institutionnels de la coop\u00e9ration internationale intervenant au Sahel. En Mauritanie, l\u2019AFD est chef de file de l\u2019Approche Territoriale Int\u00e9gr\u00e9e (ATI), concept adopt\u00e9 par l\u2019Alliance Sahel qui se traduit par une d\u00e9marche qui part des territoires et qui renforce le r\u00f4le des autorit\u00e9s d\u00e9concentr\u00e9es et d\u00e9centralis\u00e9es. <\/p>\n<p>Contact presse : Mame-Diarra THIAM, responsable communication r\u00e9gionale Sahel : thiammd@afd.fr 0033616229650 (Whatsapp) <\/p>\n<p>A propos du Groupe Agence fran\u00e7aise de d\u00e9veloppement<\/strong><br \/>\nLe groupe AFD contribue \u00e0 mettre en \u0153uvre la politique de la France en mati\u00e8re de d\u00e9veloppement et de solidarit\u00e9 internationale. Compos\u00e9 de l\u2019Agence fran\u00e7aise de d\u00e9veloppement (AFD), en charge du financement du secteur public et des ONG, de la recherche et de la formation sur le d\u00e9veloppement durable, de sa filiale Proparco, d\u00e9di\u00e9e au financement du secteur priv\u00e9, et d\u2019Expertise France, agence de coop\u00e9ration technique, le Groupe finance, accompagne et acc\u00e9l\u00e8re les transitions vers un monde plus juste et r\u00e9silient. <\/p>\n<p>Nous construisons avec nos partenaires des solutions partag\u00e9es, avec et pour les populations du Sud. Nos \u00e9quipes sont engag\u00e9es dans plus de 4 000 projets sur le terrain, dans les Outre-mer, dans 115 pays et dans les territoires en crise, pour les biens communs \u2013 le climat, la biodiversit\u00e9, la paix, l\u2019\u00e9galit\u00e9 femmes-hommes, l\u2019\u00e9ducation ou encore la sant\u00e9. Nous contribuons ainsi \u00e0 l\u2019engagement de la France et des Fran\u00e7ais en faveur des Objectifs de d\u00e9veloppement durable (ODD). Pour un monde en commun. <\/p>\n<p>Source AFD via ambassade de France en Mauritanie<\/p>\n","protected":false},"excerpt":{"rendered":"<p>Du 29 au 31 mars, R\u00e9my Rioux, Directeur G\u00e9n\u00e9ral de l\u2019AFD et Alain Joyandet, S\u00e9nateur de la Haute-Sa\u00f4ne, administrateur de l\u2019AFD et ancien secr\u00e9taire d&#8217;Etat charg\u00e9 de la Coop\u00e9ration et de la Francophonie, ont effectu\u00e9 une visite de travail en Mauritanie. Au programme : rencontres officielles, visites de projet, signatures de conventions et participation \u00e0 &hellip;<\/p>\n","protected":false},"author":2,"featured_media":5013,"comment_status":"open","ping_status":"open","sticky":false,"template":"","format":"standard","meta":{"footnotes":""},"categories":[18,2,19],"tags":[],"class_list":["post-5011","post","type-post","status-publish","format-standard","has-post-thumbnail","hentry","category-actualites","category-economie","category-tribune"],"_links":{"self":[{"href":"https:\/\/ladepeche.mr\/index.php?rest_route=\/wp\/v2\/posts\/5011","targetHints":{"allow":["GET"]}}],"collection":[{"href":"https:\/\/ladepeche.mr\/index.php?rest_route=\/wp\/v2\/posts"}],"about":[{"href":"https:\/\/ladepeche.mr\/index.php?rest_route=\/wp\/v2\/types\/post"}],"author":[{"embeddable":true,"href":"https:\/\/ladepeche.mr\/index.php?rest_route=\/wp\/v2\/users\/2"}],"replies":[{"embeddable":true,"href":"https:\/\/ladepeche.mr\/index.php?rest_route=%2Fwp%2Fv2%2Fcomments&post=5011"}],"version-history":[{"count":2,"href":"https:\/\/ladepeche.mr\/index.php?rest_route=\/wp\/v2\/posts\/5011\/revisions"}],"predecessor-version":[{"id":5014,"href":"https:\/\/ladepeche.mr\/index.php?rest_route=\/wp\/v2\/posts\/5011\/revisions\/5014"}],"wp:featuredmedia":[{"embeddable":true,"href":"https:\/\/ladepeche.mr\/index.php?rest_route=\/wp\/v2\/media\/5013"}],"wp:attachment":[{"href":"https:\/\/ladepeche.mr\/index.php?rest_route=%2Fwp%2Fv2%2Fmedia&parent=5011"}],"wp:term":[{"taxonomy":"category","embeddable":true,"href":"https:\/\/ladepeche.mr\/index.php?rest_route=%2Fwp%2Fv2%2Fcategories&post=5011"},{"taxonomy":"post_tag","embeddable":true,"href":"https:\/\/ladepeche.mr\/index.php?rest_route=%2Fwp%2Fv2%2Ftags&post=5011"}],"curies":[{"name":"wp","href":"https:\/\/api.w.org\/{rel}","templated":true}]}}