{"id":5017,"date":"2023-03-31T22:00:22","date_gmt":"2023-03-31T22:00:22","guid":{"rendered":"https:\/\/ladepeche.mr\/?p=5017"},"modified":"2023-03-31T16:33:38","modified_gmt":"2023-03-31T16:33:38","slug":"sidi-el-moctar-cheiguer-figure-du-journalisme-en-afrique-sest-eteint-par-houmi-ahamed-mikidache","status":"publish","type":"post","link":"https:\/\/ladepeche.mr\/?p=5017","title":{"rendered":"Sidi El Moctar Cheiguer, figure du journalisme en Afrique s\u2019est \u00e9teint. Par Houmi Ahamed-Mikidache"},"content":{"rendered":"<p>Sidi El Moctar Cheiguer, figure du journalisme, s\u2019est \u00e9teint ce mercredi matin \u00e0 Niamey au Niger. Citoyen mauritanien, Sidi, \u00e9tait le pr\u00e9sident du r\u00e9seau des journalistes africains de l\u2019environnement ( ANEJ). Il sera inhum\u00e9 \u00e0 Nouakchott en Mauritanie Samedi 1er avril.<\/p>\n<p><\/strong>Un savoir-faire in\u00e9gal\u00e9<\/p>\n<p>Con\u00e7u \u00e0 Nairobi en 2002, ANEJ est une initiative soutenue par le Programme des Nations Unies pour l\u2019Environnement. Initialement, 20 journalistes font partie du r\u00e9seau. Ils sont 600 en 2021. Toutes les r\u00e9gions de l\u2019Afrique sont repr\u00e9sent\u00e9es, l\u2019Est, l\u2019Ouest, le Centre, le Sud et le Nord. Sidi est \u00e9lu pr\u00e9sident du r\u00e9seau lors de la premi\u00e8re \u00e9lection et sera r\u00e9\u00e9lu par la suite. Pendant 23 ans, il anime et organise des rencontres internationales en Afrique sur les d\u00e9fis environnementaux du continent et de la plan\u00e8te. Les journalistes ont la possibilit\u00e9 d\u2019\u00e9changer avec des experts nationaux et internationaux sur des sujets tels que le changement climatique, la biodiversit\u00e9, la gestion des d\u00e9chets m\u00e9nagers et dangereux ou encore la gestion de l\u2019eau et des zones humides.<br \/>\nBien structur\u00e9es et pr\u00e9par\u00e9es, ces conf\u00e9rences ne souffrent d\u2019aucune barri\u00e8re linguistique. Des traducteurs professionnels sont mis \u00e0 disposition. Ces conf\u00e9rences sont bien organis\u00e9es avec des invitations nominatives, un programme d\u00e9taill\u00e9 pour chaque \u00e9v\u00e9nement et une demande pour chaque journaliste : la diffusion de reportages audios et t\u00e9l\u00e9vis\u00e9s ou la publication d\u2019articles dans les m\u00e9dias d\u2019Afrique apr\u00e8s chaque \u00e9v\u00e8nement. L\u2019objectif de Sidi est clair : la sensibilisation autour des enjeux environnementaux en Afrique doit se faire par les m\u00e9dias, tous les m\u00e9dias des 54 pays du continent.<\/p>\n<p>Un chef d\u2019orchestre<\/p>\n<p>Sidi, \u00e0 travers ces invitations, a permis \u00e0 de nombreux journalistes africains novices de se sp\u00e9cialiser dans le journalisme d\u2019environnement. Des rubriques environnementales ont vu le jour dans la presse africaine et des m\u00e9dias sp\u00e9cialis\u00e9s aussi. ANEJ a pu faire appara\u00eetre de nombreuses vocations de journalistes sp\u00e9cialis\u00e9s et aussi la cr\u00e9ation d\u2019antennes locales. Sidi, \u00e0 travers sa rigueur et son professionnalisme, a fait briller ANEJ. Le r\u00e9seau a \u00e9t\u00e9 sollicit\u00e9 \u00e0 de nombreuses reprises par l\u2019UNESCO, le Programme des Nations Unies pour le D\u00e9veloppement et le Programme des Nations Unies pour l\u2019Environnement. ANEJ a pu ainsi contribuer \u00e0 la publication d\u2019ouvrages sur la formation au journalisme d\u2019environnement en Afrique. Ses journalistes ont \u00e9t\u00e9 sollicit\u00e9s \u00e0 plusieurs reprises pour diriger des formations. Sidi a fait passer de nombreux messages publi\u00e9s dans la presse africaine et internationale. Ses tribunes pour la protection de l\u2019Amazonie ou encore les r\u00e9sultats du rapport du GIEC en font foi.<\/p>\n<p>Ces derni\u00e8res ann\u00e9es avec la pand\u00e9mie de COVID 19, le r\u00e9seau s\u2019est d\u00e9ploy\u00e9 sur internet. ANEJ a int\u00e9gr\u00e9 l\u2019\u00e8re du num\u00e9rique en organisant des webinaires pour former les journalistes. Cela a permis d\u2019exposer les d\u00e9fis des professionnels des m\u00e9dias . ANEJ a r\u00e9affirm\u00e9 aussi son engagement pour une meilleure sensibilisation des enjeux li\u00e9s \u00e0 la lutte contre les d\u00e9chets et \u00e0 la pollution de l\u2019air.<\/p>\n<p>Pr\u00e9curseur, visionnaire, chef d\u2019orchestre, Sidi est l\u2019un des premiers journalistes \u00e0 croire au pouvoir de la presse pour changer le comportement des citoyens et des d\u00e9cideurs. Jusqu\u2019au bout, il s\u2019est battu pour convaincre. Sidi s\u2019est \u00e9teint \u00e0 l\u2019\u00e2ge de 64 ans et sera inhum\u00e9 \u00e0 Nouakchott en Mauritanie ce samedi apr\u00e8s-midi. Paix \u00e0 son \u00e2me.<\/p>\n<blockquote class=\"wp-embedded-content\" data-secret=\"AlqPXUPzLl\"><p><a href=\"https:\/\/eraenvironnement.com\/sidi-el-moctar-cheiguer-figure-du-journalisme-en-afrique-sest-eteint\/\">Sidi El Moctar Cheiguer, figure du journalisme en Afrique s\u2019est \u00e9teint<\/a><\/p><\/blockquote>\n<p><iframe loading=\"lazy\" class=\"wp-embedded-content\" sandbox=\"allow-scripts\" security=\"restricted\" style=\"position: absolute; clip: rect(1px, 1px, 1px, 1px);\" title=\"\u00ab\u00a0Sidi El Moctar Cheiguer, figure du journalisme en Afrique s\u2019est \u00e9teint\u00a0\u00bb &#8212; ERA ENVIRONNEMENT\" src=\"https:\/\/eraenvironnement.com\/sidi-el-moctar-cheiguer-figure-du-journalisme-en-afrique-sest-eteint\/embed\/#?secret=wVWPvzjvi4#?secret=AlqPXUPzLl\" data-secret=\"AlqPXUPzLl\" width=\"500\" height=\"282\" frameborder=\"0\" marginwidth=\"0\" marginheight=\"0\" scrolling=\"no\"><\/iframe><\/p>\n","protected":false},"excerpt":{"rendered":"<p>Sidi El Moctar Cheiguer, figure du journalisme, s\u2019est \u00e9teint ce mercredi matin \u00e0 Niamey au Niger. Citoyen mauritanien, Sidi, \u00e9tait le pr\u00e9sident du r\u00e9seau des journalistes africains de l\u2019environnement ( ANEJ). Il sera inhum\u00e9 \u00e0 Nouakchott en Mauritanie Samedi 1er avril. Un savoir-faire in\u00e9gal\u00e9 Con\u00e7u \u00e0 Nairobi en 2002, ANEJ est une initiative soutenue par &hellip;<\/p>\n","protected":false},"author":2,"featured_media":5019,"comment_status":"open","ping_status":"open","sticky":false,"template":"","format":"standard","meta":{"footnotes":""},"categories":[18],"tags":[],"class_list":["post-5017","post","type-post","status-publish","format-standard","has-post-thumbnail","hentry","category-actualites"],"_links":{"self":[{"href":"https:\/\/ladepeche.mr\/index.php?rest_route=\/wp\/v2\/posts\/5017","targetHints":{"allow":["GET"]}}],"collection":[{"href":"https:\/\/ladepeche.mr\/index.php?rest_route=\/wp\/v2\/posts"}],"about":[{"href":"https:\/\/ladepeche.mr\/index.php?rest_route=\/wp\/v2\/types\/post"}],"author":[{"embeddable":true,"href":"https:\/\/ladepeche.mr\/index.php?rest_route=\/wp\/v2\/users\/2"}],"replies":[{"embeddable":true,"href":"https:\/\/ladepeche.mr\/index.php?rest_route=%2Fwp%2Fv2%2Fcomments&post=5017"}],"version-history":[{"count":2,"href":"https:\/\/ladepeche.mr\/index.php?rest_route=\/wp\/v2\/posts\/5017\/revisions"}],"predecessor-version":[{"id":5020,"href":"https:\/\/ladepeche.mr\/index.php?rest_route=\/wp\/v2\/posts\/5017\/revisions\/5020"}],"wp:featuredmedia":[{"embeddable":true,"href":"https:\/\/ladepeche.mr\/index.php?rest_route=\/wp\/v2\/media\/5019"}],"wp:attachment":[{"href":"https:\/\/ladepeche.mr\/index.php?rest_route=%2Fwp%2Fv2%2Fmedia&parent=5017"}],"wp:term":[{"taxonomy":"category","embeddable":true,"href":"https:\/\/ladepeche.mr\/index.php?rest_route=%2Fwp%2Fv2%2Fcategories&post=5017"},{"taxonomy":"post_tag","embeddable":true,"href":"https:\/\/ladepeche.mr\/index.php?rest_route=%2Fwp%2Fv2%2Ftags&post=5017"}],"curies":[{"name":"wp","href":"https:\/\/api.w.org\/{rel}","templated":true}]}}