{"id":5026,"date":"2023-04-01T01:04:34","date_gmt":"2023-04-01T01:04:34","guid":{"rendered":"https:\/\/ladepeche.mr\/?p=5026"},"modified":"2023-04-01T01:07:23","modified_gmt":"2023-04-01T01:07:23","slug":"politique-rfd-mouna-mint-deye-jette-leponge","status":"publish","type":"post","link":"https:\/\/ladepeche.mr\/?p=5026","title":{"rendered":"Politique\/RFD: Mouna Mint Deye jette l\u2019\u00e9ponge"},"content":{"rendered":"<p>Militante des heures difficiles au Rassemblement des Forces D\u00e9mocratiques (RFD), dont elle \u00e9tait membre du comit\u00e9 ex\u00e9cutif, Mouna Mint Deye, a annonc\u00e9 quitter ce parti apr\u00e8s avoir \u00e9t\u00e9 \u00abpoignard\u00e9e\u00a0\u00bb dans le dos par malgr\u00e9 la promesse du pr\u00e9sident Ahmed Ould Daddah de lui confier la candidature du parti \u00e0 la d\u00e9putation et dont elle devait \u00eatre t\u00eate de liste sur la liste nationale.<br \/>\nMouna Mint Deye qui estime que le parti est pris en otage par une \u00abpoign\u00e9e d\u2019arrivistes\u00a0\u00bb  n\u2019en garde pas moins une grande estime pour son pr\u00e9sident, AHMED Ould Daddah. Elle ne dit pas enfin o\u00f9 elle poursuivra son combat politique mais promet de le faire savoir bient\u00f4t.<br \/>\nA noter que ces nouvelles \u00e9lections se singularisent par l\u2019ampleur des d\u00e9fections enregistr\u00e9es dans beaucoup de formations et notamment celle de El Insaf.<\/p>\n","protected":false},"excerpt":{"rendered":"<p>Militante des heures difficiles au Rassemblement des Forces D\u00e9mocratiques (RFD), dont elle \u00e9tait membre du comit\u00e9 ex\u00e9cutif, Mouna Mint Deye, a annonc\u00e9 quitter ce parti apr\u00e8s avoir \u00e9t\u00e9 \u00abpoignard\u00e9e\u00a0\u00bb dans le dos par malgr\u00e9 la promesse du pr\u00e9sident Ahmed Ould Daddah de lui confier la candidature du parti \u00e0 la d\u00e9putation et dont elle devait &hellip;<\/p>\n","protected":false},"author":2,"featured_media":5028,"comment_status":"open","ping_status":"open","sticky":false,"template":"","format":"standard","meta":{"footnotes":""},"categories":[18,1],"tags":[],"class_list":["post-5026","post","type-post","status-publish","format-standard","has-post-thumbnail","hentry","category-actualites","category-uncategorized"],"_links":{"self":[{"href":"https:\/\/ladepeche.mr\/index.php?rest_route=\/wp\/v2\/posts\/5026","targetHints":{"allow":["GET"]}}],"collection":[{"href":"https:\/\/ladepeche.mr\/index.php?rest_route=\/wp\/v2\/posts"}],"about":[{"href":"https:\/\/ladepeche.mr\/index.php?rest_route=\/wp\/v2\/types\/post"}],"author":[{"embeddable":true,"href":"https:\/\/ladepeche.mr\/index.php?rest_route=\/wp\/v2\/users\/2"}],"replies":[{"embeddable":true,"href":"https:\/\/ladepeche.mr\/index.php?rest_route=%2Fwp%2Fv2%2Fcomments&post=5026"}],"version-history":[{"count":2,"href":"https:\/\/ladepeche.mr\/index.php?rest_route=\/wp\/v2\/posts\/5026\/revisions"}],"predecessor-version":[{"id":5029,"href":"https:\/\/ladepeche.mr\/index.php?rest_route=\/wp\/v2\/posts\/5026\/revisions\/5029"}],"wp:featuredmedia":[{"embeddable":true,"href":"https:\/\/ladepeche.mr\/index.php?rest_route=\/wp\/v2\/media\/5028"}],"wp:attachment":[{"href":"https:\/\/ladepeche.mr\/index.php?rest_route=%2Fwp%2Fv2%2Fmedia&parent=5026"}],"wp:term":[{"taxonomy":"category","embeddable":true,"href":"https:\/\/ladepeche.mr\/index.php?rest_route=%2Fwp%2Fv2%2Fcategories&post=5026"},{"taxonomy":"post_tag","embeddable":true,"href":"https:\/\/ladepeche.mr\/index.php?rest_route=%2Fwp%2Fv2%2Ftags&post=5026"}],"curies":[{"name":"wp","href":"https:\/\/api.w.org\/{rel}","templated":true}]}}