{"id":5032,"date":"2023-04-02T02:23:05","date_gmt":"2023-04-02T02:23:05","guid":{"rendered":"https:\/\/ladepeche.mr\/?p=5032"},"modified":"2023-04-02T02:25:23","modified_gmt":"2023-04-02T02:25:23","slug":"elections-linvite-du-ministre-de-linterieur-aux-partis-de-la-majorite-de-retirer-leurs-candidatures-au-profit-de-celui-du-pouvoir-suscite-un-tolle","status":"publish","type":"post","link":"https:\/\/ladepeche.mr\/?p=5032","title":{"rendered":"Elections : L\u2019invite du ministre de l\u2019int\u00e9rieur aux partis de la majorit\u00e9 de retirer leurs candidatures au profit du parti au pouvoir suscite un toll\u00e9"},"content":{"rendered":"<p>Les r\u00e9v\u00e9lations distill\u00e9es apr\u00e8s une rencontre du ministre de l\u2019int\u00e9rieur avec les partis de la majorit\u00e9 pr\u00e9sidentielle auxquels il aurait sugg\u00e9r\u00e9 de retirer leurs candidatures notamment pour les conseils r\u00e9gionaux aurait suscit\u00e9 l\u2019\u00e9tonnement parmi cette mouvance qui soutient l\u2019action du pr\u00e9sident de la R\u00e9publique.<br \/>\nSelon certaines indiscr\u00e9tions, des pr\u00e9sidents de parti cit\u00e9s dont notamment Mme Naha Mint Mouknass aurait exprim\u00e9 leur regret \u00e0 acc\u00e9der \u00e0 une telle sollicitation du fait que son parti a d\u00e9j\u00e0 donn\u00e9 son feu-vert \u00e0 l\u2019investiture de militants et personnalit\u00e9s politiques et qu\u2019il lui serait difficile voire impossible de justifier une telle mesure.<\/p>\n<blockquote class=\"wp-embedded-content\" data-secret=\"XB8GyMorzT\"><p><a href=\"https:\/\/ladepeche.mr\/?p=5026\">Politique\/RFD: Mouna Mint Deye jette l\u2019\u00e9ponge<\/a><\/p><\/blockquote>\n<p><iframe loading=\"lazy\" class=\"wp-embedded-content\" sandbox=\"allow-scripts\" security=\"restricted\" style=\"position: absolute; clip: rect(1px, 1px, 1px, 1px);\" title=\"&#8220;Politique\/RFD: Mouna Mint Deye jette l\u2019\u00e9ponge&#8221; &#8212; La D\u00e9p\u00eache  de Mauritanie et du Sahel\" src=\"https:\/\/ladepeche.mr\/?p=5026&#038;embed=true#?secret=D4FklcMvJR#?secret=XB8GyMorzT\" data-secret=\"XB8GyMorzT\" width=\"500\" height=\"282\" frameborder=\"0\" marginwidth=\"0\" marginheight=\"0\" scrolling=\"no\"><\/iframe><\/p>\n<p>La d\u00e9cision a \u00e9galement \u00e9t\u00e9 critiqu\u00e9e par les formations et mouvances oppos\u00e9es au parti au pouvoir accusant ce dernier de recourir \u00e0 des \u00ab pratiques jug\u00e9es d\u00e9pass\u00e9es \u00bb de mainmise sur les formations politiques et qui remettraient en cause des \u00e9lections d\u00e9mocratiques dans le pays.<br \/>\nLe minist\u00e8re de l&#8217;int\u00e9rieur, rappelle-t-on, n&#8217;a pas encore \u00e9voqu\u00e9 cette affaire, ni r\u00e9agit \u00e0 sa propagation.<\/p>\n","protected":false},"excerpt":{"rendered":"<p>Les r\u00e9v\u00e9lations distill\u00e9es apr\u00e8s une rencontre du ministre de l\u2019int\u00e9rieur avec les partis de la majorit\u00e9 pr\u00e9sidentielle auxquels il aurait sugg\u00e9r\u00e9 de retirer leurs candidatures notamment pour les conseils r\u00e9gionaux aurait suscit\u00e9 l\u2019\u00e9tonnement parmi cette mouvance qui soutient l\u2019action du pr\u00e9sident de la R\u00e9publique. Selon certaines indiscr\u00e9tions, des pr\u00e9sidents de parti cit\u00e9s dont notamment Mme &hellip;<\/p>\n","protected":false},"author":2,"featured_media":2007,"comment_status":"open","ping_status":"open","sticky":false,"template":"","format":"standard","meta":{"footnotes":""},"categories":[18],"tags":[],"class_list":["post-5032","post","type-post","status-publish","format-standard","has-post-thumbnail","hentry","category-actualites"],"_links":{"self":[{"href":"https:\/\/ladepeche.mr\/index.php?rest_route=\/wp\/v2\/posts\/5032","targetHints":{"allow":["GET"]}}],"collection":[{"href":"https:\/\/ladepeche.mr\/index.php?rest_route=\/wp\/v2\/posts"}],"about":[{"href":"https:\/\/ladepeche.mr\/index.php?rest_route=\/wp\/v2\/types\/post"}],"author":[{"embeddable":true,"href":"https:\/\/ladepeche.mr\/index.php?rest_route=\/wp\/v2\/users\/2"}],"replies":[{"embeddable":true,"href":"https:\/\/ladepeche.mr\/index.php?rest_route=%2Fwp%2Fv2%2Fcomments&post=5032"}],"version-history":[{"count":4,"href":"https:\/\/ladepeche.mr\/index.php?rest_route=\/wp\/v2\/posts\/5032\/revisions"}],"predecessor-version":[{"id":5036,"href":"https:\/\/ladepeche.mr\/index.php?rest_route=\/wp\/v2\/posts\/5032\/revisions\/5036"}],"wp:featuredmedia":[{"embeddable":true,"href":"https:\/\/ladepeche.mr\/index.php?rest_route=\/wp\/v2\/media\/2007"}],"wp:attachment":[{"href":"https:\/\/ladepeche.mr\/index.php?rest_route=%2Fwp%2Fv2%2Fmedia&parent=5032"}],"wp:term":[{"taxonomy":"category","embeddable":true,"href":"https:\/\/ladepeche.mr\/index.php?rest_route=%2Fwp%2Fv2%2Fcategories&post=5032"},{"taxonomy":"post_tag","embeddable":true,"href":"https:\/\/ladepeche.mr\/index.php?rest_route=%2Fwp%2Fv2%2Ftags&post=5032"}],"curies":[{"name":"wp","href":"https:\/\/api.w.org\/{rel}","templated":true}]}}