{"id":5037,"date":"2023-04-02T02:30:49","date_gmt":"2023-04-02T02:30:49","guid":{"rendered":"https:\/\/ladepeche.mr\/?p=5037"},"modified":"2023-04-02T02:30:49","modified_gmt":"2023-04-02T02:30:49","slug":"reunion-sur-le-dialogue-strategique-entre-la-mauritanie-et-lonu","status":"publish","type":"post","link":"https:\/\/ladepeche.mr\/?p=5037","title":{"rendered":"R\u00e9union sur le dialogue strat\u00e9gique entre la Mauritanie et l\u2019ONU"},"content":{"rendered":"<p>Une r\u00e9union sur le dialogue strat\u00e9gique entre la Mauritanie et le syst\u00e8me des Nations Unies (ONU) pour l\u2019atteinte des objectifs du d\u00e9veloppement durable (ODD), s\u2019est tenue, vendredi \u00e0 Nouakchott, sous la pr\u00e9sidence du Premier ministre, Monsieur Mohamed Bilal Messaoud.<\/p>\n<p>Cette r\u00e9union vise \u00e0 consolider et \u00e0 approfondir les cadres de coop\u00e9ration entre la Mauritanie et le syst\u00e8me des Nations Unies, conform\u00e9ment au deuxi\u00e8me plan d\u2019action quinquennal pour la strat\u00e9gie de croissance acc\u00e9l\u00e9r\u00e9e et de bien-\u00eatre partag\u00e9 (SCAPP 2016-2030), aux strat\u00e9gies et plans d\u2019action qui en d\u00e9coulent, aux conclusions du dernier rapport d\u2019analyse des donn\u00e9es pays r\u00e9alis\u00e9 ainsi qu\u2019aux recommandations de l\u2019\u00e9valuation finale du Cadre de partenariat pour le d\u00e9veloppement durable (2018-2022).<\/p>\n<p>Les domaines d\u2019intervention prioritaires pour les quatre prochaines ann\u00e9es ont \u00e9t\u00e9 identifi\u00e9s, en plus des domaines d\u2019intervention conjointe du syst\u00e8me des Nations Unies et les moyens d\u2019approuver le projet de cadre de coop\u00e9ration conjoint, qui est consid\u00e9r\u00e9 comme \u00e9tant une cons\u00e9cration de la fin du processus d\u2019\u00e9laboration du prochain cadre de coop\u00e9ration pour le d\u00e9veloppement durable (2024-2027).<\/p>\n<blockquote class=\"wp-embedded-content\" data-secret=\"NO3zzqCjmw\"><p><a href=\"https:\/\/ladepeche.mr\/?p=4945\">Economie- Coop\u00e9ration \u00e9conomique et situation au Sahel au centre des entretiens du MAEPSP avec la repr\u00e9sentante sp\u00e9ciale adjointe  du SG des NU<\/a><\/p><\/blockquote>\n<p><iframe loading=\"lazy\" class=\"wp-embedded-content\" sandbox=\"allow-scripts\" security=\"restricted\" style=\"position: absolute; clip: rect(1px, 1px, 1px, 1px);\" title=\"&#8220;Economie- Coop\u00e9ration \u00e9conomique et situation au Sahel au centre des entretiens du MAEPSP avec la repr\u00e9sentante sp\u00e9ciale adjointe  du SG des NU&#8221; &#8212; La D\u00e9p\u00eache  de Mauritanie et du Sahel\" src=\"https:\/\/ladepeche.mr\/?p=4945&#038;embed=true#?secret=OhEPNuE6T3#?secret=NO3zzqCjmw\" data-secret=\"NO3zzqCjmw\" width=\"500\" height=\"282\" frameborder=\"0\" marginwidth=\"0\" marginheight=\"0\" scrolling=\"no\"><\/iframe><\/p>\n<p>La r\u00e9union a, \u00e9galement, permis d\u2019examiner l\u2019approche et les objectifs propos\u00e9s par le syst\u00e8me des Nations Unies pour appuyer le Cadre de coop\u00e9ration au cours des quatre prochaines ann\u00e9es, ce qui a permis d\u2019approuver le futur cadre de coop\u00e9ration et de mettre en place son cadre de gouvernance.<\/p>\n<p>Du c\u00f4t\u00e9 gouvernement, ont particip\u00e9 \u00e0 la r\u00e9union les ministres de l\u2019\u00e9conomie et de la promotion des secteurs productifs, de l\u2019\u00e9ducation nationale, de la sant\u00e9, de l\u2019emploi et de la formation professionnelle, de l\u2019environnement et du d\u00e9veloppement durable, de l\u2019action sociale, de l\u2019enfance et de la famille et le ministre secr\u00e9taire g\u00e9n\u00e9ral du gouvernement. Elle a vu, \u00e9galement, la participation du d\u00e9l\u00e9gu\u00e9 g\u00e9n\u00e9ral \u00e0 la solidarit\u00e9 nationale et \u00e0 la lutte contre l\u2019exclusion (taazur), le commissaire aux droits de l\u2019homme, \u00e0 l\u2019action humanitaire et aux relations avec la soci\u00e9t\u00e9 civile, le commissaire \u00e0 la s\u00e9curit\u00e9 alimentaire, la directrice de cabinet du Premier ministre et de nombreux charg\u00e9s de mission et conseillers au cabinet du Premier ministre.<\/p>\n<p>Du c\u00f4t\u00e9 de la coordination du syst\u00e8me des Nations Unies en Mauritanie, ont assist\u00e9 \u00e0 la r\u00e9union les repr\u00e9sentants de la FAO, du haut-commissariat des Nations Unies des droits de l\u2019homme, du commissariat des Nations Unies pour les r\u00e9fugi\u00e9s, de l\u2019OIM ; de l\u2019OMS, du PAM, de l\u2019UNICEF, de l\u2019UFP, de l\u2019ONUSIDA&#8230;<br \/>\nAmi<\/p>\n","protected":false},"excerpt":{"rendered":"<p>Une r\u00e9union sur le dialogue strat\u00e9gique entre la Mauritanie et le syst\u00e8me des Nations Unies (ONU) pour l\u2019atteinte des objectifs du d\u00e9veloppement durable (ODD), s\u2019est tenue, vendredi \u00e0 Nouakchott, sous la pr\u00e9sidence du Premier ministre, Monsieur Mohamed Bilal Messaoud. Cette r\u00e9union vise \u00e0 consolider et \u00e0 approfondir les cadres de coop\u00e9ration entre la Mauritanie et &hellip;<\/p>\n","protected":false},"author":2,"featured_media":5038,"comment_status":"open","ping_status":"open","sticky":false,"template":"","format":"standard","meta":{"footnotes":""},"categories":[18,2],"tags":[],"class_list":["post-5037","post","type-post","status-publish","format-standard","has-post-thumbnail","hentry","category-actualites","category-economie"],"_links":{"self":[{"href":"https:\/\/ladepeche.mr\/index.php?rest_route=\/wp\/v2\/posts\/5037","targetHints":{"allow":["GET"]}}],"collection":[{"href":"https:\/\/ladepeche.mr\/index.php?rest_route=\/wp\/v2\/posts"}],"about":[{"href":"https:\/\/ladepeche.mr\/index.php?rest_route=\/wp\/v2\/types\/post"}],"author":[{"embeddable":true,"href":"https:\/\/ladepeche.mr\/index.php?rest_route=\/wp\/v2\/users\/2"}],"replies":[{"embeddable":true,"href":"https:\/\/ladepeche.mr\/index.php?rest_route=%2Fwp%2Fv2%2Fcomments&post=5037"}],"version-history":[{"count":1,"href":"https:\/\/ladepeche.mr\/index.php?rest_route=\/wp\/v2\/posts\/5037\/revisions"}],"predecessor-version":[{"id":5039,"href":"https:\/\/ladepeche.mr\/index.php?rest_route=\/wp\/v2\/posts\/5037\/revisions\/5039"}],"wp:featuredmedia":[{"embeddable":true,"href":"https:\/\/ladepeche.mr\/index.php?rest_route=\/wp\/v2\/media\/5038"}],"wp:attachment":[{"href":"https:\/\/ladepeche.mr\/index.php?rest_route=%2Fwp%2Fv2%2Fmedia&parent=5037"}],"wp:term":[{"taxonomy":"category","embeddable":true,"href":"https:\/\/ladepeche.mr\/index.php?rest_route=%2Fwp%2Fv2%2Fcategories&post=5037"},{"taxonomy":"post_tag","embeddable":true,"href":"https:\/\/ladepeche.mr\/index.php?rest_route=%2Fwp%2Fv2%2Ftags&post=5037"}],"curies":[{"name":"wp","href":"https:\/\/api.w.org\/{rel}","templated":true}]}}