{"id":5046,"date":"2023-04-02T18:14:17","date_gmt":"2023-04-02T18:14:17","guid":{"rendered":"https:\/\/ladepeche.mr\/?p=5046"},"modified":"2023-04-02T18:14:17","modified_gmt":"2023-04-02T18:14:17","slug":"la-banque-mondiale-reaffirme-son-engagement-aux-cotes-du-niger","status":"publish","type":"post","link":"https:\/\/ladepeche.mr\/?p=5046","title":{"rendered":"La Banque mondiale r\u00e9affirme son engagement aux c\u00f4t\u00e9s du Niger"},"content":{"rendered":"<p>Le Pr\u00e9sident de la Banque Mondiale a r\u00e9affirm\u00e9 l\u2019engagement de l\u2019institution aux c\u00f4t\u00e9s du Niger.<\/p>\n<p>A l\u2019issue d\u2019une visite dans le pays de deux jours, David Malpass a tenu une conf\u00e9rence de presse avec le pr\u00e9sident nig\u00e9rien Mohamed Bazoum. Ce dernier a \u00e9nonc\u00e9 quels \u00e9taient les besoins du pays, notamment en mati\u00e8re d\u2019\u00e9nergie :<\/p>\n<p>&#8220;Aujourd&#8217;hui, l&#8217;\u00e9nergie est tr\u00e8s importante. Nous sommes le pays qui a le plus faible taux d&#8217;\u00e9lectrification par habitant. Nous sommes tr\u00e8s en retard, m\u00eame par rapport aux pays africains. Le fait que la Banque mondiale se concentre sur ce domaine est d\u00e9j\u00e0 quelque chose qui va tout \u00e0 fait dans le sens de ce que nous souhaitons. C&#8217;est pour cela que j&#8217;ai dit que leur engagement est en ligne avec les priorit\u00e9s que nous avons d\u00e9finies&#8221; a-t-il d\u00e9clar\u00e9. <\/p>\n<p>Le pr\u00e9sident de la Banque mondiale, qui va quitter son poste en juin a d\u00e9clar\u00e9 que la s\u00e9curit\u00e9 \u00e9tait &#8220;indispensable au d\u00e9veloppement&#8221; du Sahel.<\/p>\n<p>Un message qui fait \u00e9cho aux propos tenus par le secr\u00e9taire d\u2019\u00e9tat am\u00e9ricain Antony Blinken, en visite au Niger deux semaines plus t\u00f4t.<\/p>\n<p>&#8220;Le Niger est confront\u00e9 aux changements climatiques, aux d\u00e9fis pos\u00e9s par ses fronti\u00e8res et aussi, ce qui est tr\u00e8s important, au d\u00e9fi de l&#8217;\u00e9ducation, qui est \u00e9norme. Le Niger a de grandes opportunit\u00e9s et c&#8217;est pourquoi nous devrions saisir l&#8217;occasion d&#8217;am\u00e9liorer les choses.&#8221; a expliqu\u00e9 David Malpass, Pr\u00e9sident de la Banque Mondiale. <\/p>\n<p>Le Niger fait face aux attaques r\u00e9guli\u00e8res et meurtri\u00e8res de groupes jihadistes li\u00e9s \u00e0 Al-Qa\u00efda et au groupe \u00c9tat islamique au Sahel dans l&#8217;ouest et, dans le sud-est, \u00e0 celles de Boko Haram et du groupe \u00c9tat islamique en Afrique de l&#8217;Ouest (Iswap).<br \/>\nhttps:\/\/fr.africanews.com\/2023\/03\/31\/la-banque-mondiale-reaffirme-son-engagement-aux-cotes-du-niger\/<\/p>\n","protected":false},"excerpt":{"rendered":"<p>Le Pr\u00e9sident de la Banque Mondiale a r\u00e9affirm\u00e9 l\u2019engagement de l\u2019institution aux c\u00f4t\u00e9s du Niger. A l\u2019issue d\u2019une visite dans le pays de deux jours, David Malpass a tenu une conf\u00e9rence de presse avec le pr\u00e9sident nig\u00e9rien Mohamed Bazoum. Ce dernier a \u00e9nonc\u00e9 quels \u00e9taient les besoins du pays, notamment en mati\u00e8re d\u2019\u00e9nergie : &#8220;Aujourd&#8217;hui, &hellip;<\/p>\n","protected":false},"author":2,"featured_media":5047,"comment_status":"open","ping_status":"open","sticky":false,"template":"","format":"standard","meta":{"footnotes":""},"categories":[29,28],"tags":[],"class_list":["post-5046","post","type-post","status-publish","format-standard","has-post-thumbnail","hentry","category-monde","category-sahel"],"_links":{"self":[{"href":"https:\/\/ladepeche.mr\/index.php?rest_route=\/wp\/v2\/posts\/5046","targetHints":{"allow":["GET"]}}],"collection":[{"href":"https:\/\/ladepeche.mr\/index.php?rest_route=\/wp\/v2\/posts"}],"about":[{"href":"https:\/\/ladepeche.mr\/index.php?rest_route=\/wp\/v2\/types\/post"}],"author":[{"embeddable":true,"href":"https:\/\/ladepeche.mr\/index.php?rest_route=\/wp\/v2\/users\/2"}],"replies":[{"embeddable":true,"href":"https:\/\/ladepeche.mr\/index.php?rest_route=%2Fwp%2Fv2%2Fcomments&post=5046"}],"version-history":[{"count":1,"href":"https:\/\/ladepeche.mr\/index.php?rest_route=\/wp\/v2\/posts\/5046\/revisions"}],"predecessor-version":[{"id":5048,"href":"https:\/\/ladepeche.mr\/index.php?rest_route=\/wp\/v2\/posts\/5046\/revisions\/5048"}],"wp:featuredmedia":[{"embeddable":true,"href":"https:\/\/ladepeche.mr\/index.php?rest_route=\/wp\/v2\/media\/5047"}],"wp:attachment":[{"href":"https:\/\/ladepeche.mr\/index.php?rest_route=%2Fwp%2Fv2%2Fmedia&parent=5046"}],"wp:term":[{"taxonomy":"category","embeddable":true,"href":"https:\/\/ladepeche.mr\/index.php?rest_route=%2Fwp%2Fv2%2Fcategories&post=5046"},{"taxonomy":"post_tag","embeddable":true,"href":"https:\/\/ladepeche.mr\/index.php?rest_route=%2Fwp%2Fv2%2Ftags&post=5046"}],"curies":[{"name":"wp","href":"https:\/\/api.w.org\/{rel}","templated":true}]}}