{"id":5049,"date":"2023-04-02T18:18:05","date_gmt":"2023-04-02T18:18:05","guid":{"rendered":"https:\/\/ladepeche.mr\/?p=5049"},"modified":"2023-04-02T18:18:05","modified_gmt":"2023-04-02T18:18:05","slug":"tchad-grace-presidentielle-en-faveur-de-259-personnes-condamnees-pour-les-manifestations-doctobre","status":"publish","type":"post","link":"https:\/\/ladepeche.mr\/?p=5049","title":{"rendered":"Tchad : Gr\u00e2ce pr\u00e9sidentielle en faveur de 259 personnes condamn\u00e9es pour les manifestations d&#8217;octobre"},"content":{"rendered":"<p> Deux jours apr\u00e8s celle concernant 380 rebelles du FACT.<br \/>\nLe pr\u00e9sident de la transition au Tchad, Mahamat Idriss D\u00e9by, a graci\u00e9 lundi 259 des 262 personnes condamn\u00e9es le 2 d\u00e9cembre dernier pour leur participation pr\u00e9sum\u00e9e aux manifestations du 20 octobre 2022.<\/p>\n<p>Selon un d\u00e9cret pr\u00e9sidentiel, les personnes graci\u00e9es avaient \u00e9t\u00e9 condamn\u00e9es pour des \u00ab faits d&#8217;attroupement non autoris\u00e9, de destruction des biens, incendie volontaire, violence et voie de fait, coup et blessures volontaires, troubles \u00e0 l&#8217;ordre public \u00bb. Elles avaient \u00e9cop\u00e9 de peines de deux \u00e0 trois ans de prison lors d&#8217;un proc\u00e8s tr\u00e8s contest\u00e9 tenu \u00e0 huis clos dans la prison de Koro Toro, en plein d\u00e9sert, \u00e0 600 kilom\u00e8tres de la capitale N\u2019Djamena.<\/p>\n<p>Cette nouvelle gr\u00e2ce pr\u00e9sidentielle survient deux jours apr\u00e8s celle concernant 380 rebelles du Front pour l&#8217;alternance et la concorde au Tchad (FACT) qui faisaient partie des 400 personnes condamn\u00e9es \u00e0 perp\u00e9tuit\u00e9, le 21 mars dernier, dans le cadre de l&#8217;affaire relative \u00e0 l&#8217;assassinat de l&#8217;ancien pr\u00e9sident Idriss D\u00e9by Itno, p\u00e8re de l&#8217;actuel dirigeant tchadien.<\/p>\n<p>Ils ont \u00e9t\u00e9 captur\u00e9s en avril 2021, lors d&#8217;affrontements avec l&#8217;arm\u00e9e dans le nord du Tchad et reconnus par la suite coupables d&#8217;actes de terrorisme, d&#8217;atteinte \u00e0 la s\u00e9curit\u00e9 nationale, de mise en danger de la vie du chef de l&#8217;\u00c9tat et de recrutement de mineurs, entre autres chefs d&#8217;accusation.<\/p>\n<p>Un premier d\u00e9cret sign\u00e9 par Deby et publi\u00e9 samedi dernier indique que ces rebelles du FACT &#8220;b\u00e9n\u00e9ficieront de la gr\u00e2ce pr\u00e9sidentielle&#8221;, mais que le chef du groupe, Mahamat Mahdi Ali, condamn\u00e9 \u00e0 la prison \u00e0 vie par contumace, n&#8217;est pas concern\u00e9 par cette mesure. Le Tchad a lanc\u00e9 un mandat d&#8217;arr\u00eat international contre Mahdi Ali.<\/p>\n<p>Les manifestations du 20 octobre 2022, qui se sont d\u00e9roul\u00e9es dans tout le pays et ont mobilis\u00e9 des milliers de participants, marquaient la date \u00e0 laquelle l\u2019administration militaire, au pouvoir depuis la mort du pr\u00e9sident Idriss D\u00e9by le 20 avril 2021, avait promis de restituer le pouvoir \u00e0 un gouvernement civil. Le Conseil militaire de transition a r\u00e9cemment repouss\u00e9 la date des prochaines \u00e9lections \u00e0 octobre 2024. Les manifestations ont eu lieu en d\u00e9pit d\u2019une interdiction du gouvernement, d\u00e9cr\u00e9t\u00e9e la veille.<br \/>\nhttps:\/\/www.aa.com.tr\/fr\/afrique\/tchad-gr%C3%A2ce-pr%C3%A9sidentielle-en-faveur-de-259-personnes-condamn%C3%A9es-pour-les-manifestations-doctobre\/2857917<\/p>\n","protected":false},"excerpt":{"rendered":"<p>Deux jours apr\u00e8s celle concernant 380 rebelles du FACT. Le pr\u00e9sident de la transition au Tchad, Mahamat Idriss D\u00e9by, a graci\u00e9 lundi 259 des 262 personnes condamn\u00e9es le 2 d\u00e9cembre dernier pour leur participation pr\u00e9sum\u00e9e aux manifestations du 20 octobre 2022. Selon un d\u00e9cret pr\u00e9sidentiel, les personnes graci\u00e9es avaient \u00e9t\u00e9 condamn\u00e9es pour des \u00ab faits &hellip;<\/p>\n","protected":false},"author":2,"featured_media":5050,"comment_status":"open","ping_status":"open","sticky":false,"template":"","format":"standard","meta":{"footnotes":""},"categories":[29,28],"tags":[],"class_list":["post-5049","post","type-post","status-publish","format-standard","has-post-thumbnail","hentry","category-monde","category-sahel"],"_links":{"self":[{"href":"https:\/\/ladepeche.mr\/index.php?rest_route=\/wp\/v2\/posts\/5049","targetHints":{"allow":["GET"]}}],"collection":[{"href":"https:\/\/ladepeche.mr\/index.php?rest_route=\/wp\/v2\/posts"}],"about":[{"href":"https:\/\/ladepeche.mr\/index.php?rest_route=\/wp\/v2\/types\/post"}],"author":[{"embeddable":true,"href":"https:\/\/ladepeche.mr\/index.php?rest_route=\/wp\/v2\/users\/2"}],"replies":[{"embeddable":true,"href":"https:\/\/ladepeche.mr\/index.php?rest_route=%2Fwp%2Fv2%2Fcomments&post=5049"}],"version-history":[{"count":1,"href":"https:\/\/ladepeche.mr\/index.php?rest_route=\/wp\/v2\/posts\/5049\/revisions"}],"predecessor-version":[{"id":5051,"href":"https:\/\/ladepeche.mr\/index.php?rest_route=\/wp\/v2\/posts\/5049\/revisions\/5051"}],"wp:featuredmedia":[{"embeddable":true,"href":"https:\/\/ladepeche.mr\/index.php?rest_route=\/wp\/v2\/media\/5050"}],"wp:attachment":[{"href":"https:\/\/ladepeche.mr\/index.php?rest_route=%2Fwp%2Fv2%2Fmedia&parent=5049"}],"wp:term":[{"taxonomy":"category","embeddable":true,"href":"https:\/\/ladepeche.mr\/index.php?rest_route=%2Fwp%2Fv2%2Fcategories&post=5049"},{"taxonomy":"post_tag","embeddable":true,"href":"https:\/\/ladepeche.mr\/index.php?rest_route=%2Fwp%2Fv2%2Ftags&post=5049"}],"curies":[{"name":"wp","href":"https:\/\/api.w.org\/{rel}","templated":true}]}}