{"id":5052,"date":"2023-04-02T18:22:37","date_gmt":"2023-04-02T18:22:37","guid":{"rendered":"https:\/\/ladepeche.mr\/?p=5052"},"modified":"2023-04-02T18:22:37","modified_gmt":"2023-04-02T18:22:37","slug":"mali-un-expert-denonce-un-retrecissement-comme-peau-de-chagrin-de-lespace-civique","status":"publish","type":"post","link":"https:\/\/ladepeche.mr\/?p=5052","title":{"rendered":"Mali : un expert d\u00e9nonce un \u00ab r\u00e9tr\u00e9cissement comme peau de chagrin de l\u2019espace civique \u00bb"},"content":{"rendered":"<p>En plus de l\u2019impact d\u00e9vastateur de la crise malienne sur les populations civiles, l\u2019espace civique et politique se r\u00e9tr\u00e9cit consid\u00e9rablement au Mali, a alert\u00e9 vendredi un expert ind\u00e9pendant des Nations Unies.<br \/>\nDevant le Conseil des droits de l\u2019homme de l\u2019ONU, Alioune Tine, l\u2019Expert ind\u00e9pendant sur la situation des droits de l\u2019homme au Mali, s\u2019est dit vivement pr\u00e9occup\u00e9 par ce qu\u2019il qualifie de \u00ab r\u00e9tr\u00e9cissement comme peau de chagrin de l\u2019espace civique, de la libert\u00e9 d\u2019expression, de presse et d\u2019association et le d\u00e9veloppement de l\u2019autocensure \u00bb. A ce sujet, il s\u2019est dit inquiet des \u00ab attaques et du lynchage m\u00e9diatique \u00bb visant les d\u00e9fenseurs des droits humains.<\/p>\n<p>Alioune Tine indique avoir fait, lui-m\u00eame, \u00ab l\u2019objet d\u2019attaques verbales sur les r\u00e9seaux sociaux avant et pendant ma r\u00e9cente visite au mois de f\u00e9vrier 2023 \u00bb. \u00ab Mon arriv\u00e9e au Mali le 5 f\u00e9vrier a co\u00efncid\u00e9 avec la d\u00e9cision des autorit\u00e9s maliennes de d\u00e9clarer le Directeur de la Division des droits de l\u2019homme de la Mission onusienne (MINUSMA) \u00ab persona non grata \u00bb, d\u00e9cision que je regrette \u00bb, a d\u00e9clar\u00e9 M. Tine.<\/p>\n<p>La preuve de cette situation tendue au Mali : \u00ab Pour la premi\u00e8re fois, \u00e0 notre arriv\u00e9e \u00e0 l\u2019a\u00e9roport de Bamako, mon assistant et moi avons fait l\u2019objet d\u2019une interpellation et d\u2019un interrogatoire coordonn\u00e9s de la part d\u2019officiers de police \u00bb. A la suite de cet incident, il a indiqu\u00e9 avoir \u00ab protest\u00e9 aupr\u00e8s des autorit\u00e9s maliennes qui ont pr\u00e9sent\u00e9 leurs regrets \u00bb, regrets qu\u2019il a bien entendu accept\u00e9s.<\/p>\n<p>Activistes et journalistes adoptent la censure des sujets tabous<br \/>\nLors de ses deux visites dans ce pays du Sahel central, plusieurs d\u00e9fenseurs des droits humains, journalistes, autres professionnels des m\u00e9dias avec lesquels il s\u2019est entretenu ont \u00e9voqu\u00e9 des sujets tabous qu\u2019ils n\u2019osent plus aborder par peur de repr\u00e9sailles des autorit\u00e9s maliennes de la transition ou de leurs sympathisants.<\/p>\n<p>\u00ab Parmi ces sujets tabous figurent notamment les all\u00e9gations des violations ou atteintes aux droits humains attribu\u00e9es aux Forces de d\u00e9fense et de s\u00e9curit\u00e9 maliennes et aux membres du personnel militaire et de s\u00e9curit\u00e9 russe (que plusieurs acteurs avec lesquels je me suis entretenu au Mali d\u00e9signaient par le nom de \u00ab Wagner \u00bb) \u00bb, a d\u00e9velopp\u00e9 M. Tine. A cet \u00e9gard, il a ajout\u00e9 que plusieurs d\u00e9fenseurs des droits humains ont d\u00e9clar\u00e9 avoir \u00e9t\u00e9 victimes de l\u2019hostilit\u00e9 de la part de certaines autorit\u00e9s \u00e9tatiques.<\/p>\n<p>Ils ont soulign\u00e9 le fait que l\u2019Etat malien chercherait \u00e0 \u00ab asphyxier \u00bb ou \u00ab saboter \u00bb le travail des d\u00e9fenseurs des humains qu\u2019il consid\u00e8re comme des \u00ab apatrides \u00bb ou des \u00ab ennemis de la nation \u00bb qui serviraient d\u2019alli\u00e9s aux grandes puissances \u00e9trang\u00e8res hostiles aux autorit\u00e9s du Mali. \u00ab Ce r\u00e9tr\u00e9cissement de l\u2019espace est extr\u00eamement pr\u00e9occupant au moment o\u00f9 le pays s\u2019engage dans un processus \u00e9lectoral et o\u00f9 le d\u00e9bat d\u2019id\u00e9es sur les programmes et les politiques doit \u00eatre encourag\u00e9 \u00bb, a mis en garde l\u2019Expert ind\u00e9pendant onusien.<\/p>\n<p>Maintenir les liens avec Bamako<br \/>\nPar ailleurs, en d\u00e9pit de certaines avanc\u00e9es, M. Tine s\u2019est \u00e9galement dit pr\u00e9occup\u00e9 par l\u2019impact d\u00e9vastateur que la crise et le conflit continuent d\u2019avoir sur les populations civiles dans la p\u00e9riode couverte par ce rapport.<\/p>\n<p>Selon des informations r\u00e9cemment publi\u00e9es par la MINUSMA, le nombre de civils tu\u00e9s est pass\u00e9 de 584 en 2021 \u00e0 1.277 en 2022. Ceci repr\u00e9sente une hausse de 118%.<\/p>\n<p>La r\u00e9currence des cas de violence bas\u00e9e sur le genre (VGB) est \u00e9galement tr\u00e8s inqui\u00e9tante. Le rapport du Syst\u00e8me de gestion d\u2019information sur les VBG (GBVIMS) pour l\u2019ann\u00e9e 2022 indique que le nombre des cas de VBG rapport\u00e9s au Mali est pass\u00e9 de 9.540 cas en 2021 \u00e0 14.264 cas en 2022, soit une augmentation de pr\u00e8s de 50%.<\/p>\n<p>Face \u00e0 des chiffres aussi inqui\u00e9tants, il a mis en garde le Mali et la communaut\u00e9 internationale sur l\u2019instrumentalisation politique des droits humains qui rend leur travail, celui de la soci\u00e9t\u00e9 civile, des d\u00e9fenseurs des droits humains, et des organisations internationales de plus en plus difficile.<\/p>\n<p>\u00ab Il faut \u00e9viter que le basculement g\u00e9opolitique que nous connaissons \u00e0 l\u2019heure actuelle puisse avoir un impact n\u00e9gatif sur la coop\u00e9ration entre le Mali et la communaut\u00e9 internationale \u00bb, a-t-il fait valoir, exhortant la communaut\u00e9 internationale \u00e0 maintenir les liens avec Bamako et de les renforcer. \u00ab Parce que garantir la s\u00e9curit\u00e9 du Mali, \u00e9picentre de la menace terroriste, c\u2019est garantir la s\u00e9curit\u00e9 r\u00e9gionale \u00bb, a conclu M. Tine.<\/p>\n<p>Le Mali d\u00e9plore \u00ab l\u2019approche d\u2019ensemble d\u2019un rapport \u00e0 charge \u00bb<br \/>\nEn r\u00e9ponse \u00e0 ce sombre tableau d\u00e9crit par l\u2019expert ind\u00e9pendant de l\u2019ONU, le Mali a d\u00e9plor\u00e9 \u00ab l\u2019approche d\u2019ensemble du rapport, qui est essentiellement \u00e0 charge \u00bb. Pour Bamako, M. Tine ne tient pas en compte des nombreux efforts d\u00e9ploy\u00e9s par le pouvoir et \u00ab des avanc\u00e9es notables r\u00e9alis\u00e9es en mati\u00e8re de s\u00e9curit\u00e9 ainsi que dans le domaine de la protection et de la promotion des droits de l\u2019homme \u00bb.<\/p>\n<p>\u00ab A ce sujet, l\u2019expert ind\u00e9pendant reconnait la baisse des cas de violations des droits de l\u2019homme, ce qui est \u00e0 mettre \u00e0 l\u2019actif de l\u2019am\u00e9lioration en cours de la situation s\u00e9curitaire \u00bb, a affirm\u00e9 Mamoudou Kassogu\u00e9, ministre de la Justice et des Droits de l\u2019homme du Mali, regrettant que M. Tine n\u2019ait pas pris en compte \u00ab des \u00e9l\u00e9ments factuels et objectifs communiqu\u00e9s par le gouvernement du Mali n\u2019ont pas \u00e9t\u00e9 pris en compte \u00bb.<\/p>\n<p>De mani\u00e8re sp\u00e9cifique, l\u2019Expert ind\u00e9pendant mentionne un \u00ab d\u00e9fi persistant de l\u2019impunit\u00e9 \u00bb. A cet \u00e9gard, il a tenu \u00e0 souligner que plusieurs mesures ont \u00e9t\u00e9 prises par les autorit\u00e9s maliennes pour lutter contre l\u2019impunit\u00e9, dans le cadre de la politique de tol\u00e9rance z\u00e9ro contre les exactions.<\/p>\n<p>Dans cette dynamique, Bamako a regrett\u00e9 profond\u00e9ment que le rapport insinue un manque de volont\u00e9 politique ou une incapacit\u00e9 de l\u2019Etat \u00e0 mener des poursuites. \u00ab Poursuivant dans ce chapitre, les autorit\u00e9s de la Transition sont r\u00e9solues de mettre un terme \u00e0 l\u2019impunit\u00e9 comme l\u2019atteste la tenue, courant les ann\u00e9es 2021, 2022 et 2023 de plusieurs sessions sp\u00e9ciales d\u2019assises pour juger les cas de violations graves des droits de l\u2019homme \u00bb, a fait observer le Garde des sceaux, relevant que \u00ab l\u2019engagement r\u00e9solu du gouvernement ne fait l\u2019objet d\u2019aucune faille lorsqu\u2019il s\u2019agit de poursuivre et punir les auteurs av\u00e9r\u00e9s de cas de violations des droits de l\u2019homme \u00bb.<br \/>\nhttps:\/\/news.un.org\/fr\/story\/2023\/03\/1133832<\/p>\n","protected":false},"excerpt":{"rendered":"<p>En plus de l\u2019impact d\u00e9vastateur de la crise malienne sur les populations civiles, l\u2019espace civique et politique se r\u00e9tr\u00e9cit consid\u00e9rablement au Mali, a alert\u00e9 vendredi un expert ind\u00e9pendant des Nations Unies. Devant le Conseil des droits de l\u2019homme de l\u2019ONU, Alioune Tine, l\u2019Expert ind\u00e9pendant sur la situation des droits de l\u2019homme au Mali, s\u2019est dit &hellip;<\/p>\n","protected":false},"author":2,"featured_media":5053,"comment_status":"open","ping_status":"open","sticky":false,"template":"","format":"standard","meta":{"footnotes":""},"categories":[29,28],"tags":[],"class_list":["post-5052","post","type-post","status-publish","format-standard","has-post-thumbnail","hentry","category-monde","category-sahel"],"_links":{"self":[{"href":"https:\/\/ladepeche.mr\/index.php?rest_route=\/wp\/v2\/posts\/5052","targetHints":{"allow":["GET"]}}],"collection":[{"href":"https:\/\/ladepeche.mr\/index.php?rest_route=\/wp\/v2\/posts"}],"about":[{"href":"https:\/\/ladepeche.mr\/index.php?rest_route=\/wp\/v2\/types\/post"}],"author":[{"embeddable":true,"href":"https:\/\/ladepeche.mr\/index.php?rest_route=\/wp\/v2\/users\/2"}],"replies":[{"embeddable":true,"href":"https:\/\/ladepeche.mr\/index.php?rest_route=%2Fwp%2Fv2%2Fcomments&post=5052"}],"version-history":[{"count":1,"href":"https:\/\/ladepeche.mr\/index.php?rest_route=\/wp\/v2\/posts\/5052\/revisions"}],"predecessor-version":[{"id":5054,"href":"https:\/\/ladepeche.mr\/index.php?rest_route=\/wp\/v2\/posts\/5052\/revisions\/5054"}],"wp:featuredmedia":[{"embeddable":true,"href":"https:\/\/ladepeche.mr\/index.php?rest_route=\/wp\/v2\/media\/5053"}],"wp:attachment":[{"href":"https:\/\/ladepeche.mr\/index.php?rest_route=%2Fwp%2Fv2%2Fmedia&parent=5052"}],"wp:term":[{"taxonomy":"category","embeddable":true,"href":"https:\/\/ladepeche.mr\/index.php?rest_route=%2Fwp%2Fv2%2Fcategories&post=5052"},{"taxonomy":"post_tag","embeddable":true,"href":"https:\/\/ladepeche.mr\/index.php?rest_route=%2Fwp%2Fv2%2Ftags&post=5052"}],"curies":[{"name":"wp","href":"https:\/\/api.w.org\/{rel}","templated":true}]}}