{"id":5058,"date":"2023-04-03T23:28:04","date_gmt":"2023-04-03T23:28:04","guid":{"rendered":"https:\/\/ladepeche.mr\/?p=5058"},"modified":"2023-04-03T23:28:04","modified_gmt":"2023-04-03T23:28:04","slug":"la-premiere-dame-affirme-que-la-celebration-de-la-journee-de-lautisme-correspond-a-lesprit-du-ramadan","status":"publish","type":"post","link":"https:\/\/ladepeche.mr\/?p=5058","title":{"rendered":"La Premi\u00e8re Dame affirme que la c\u00e9l\u00e9bration de la journ\u00e9e de l\u2019autisme correspond \u00e0 l\u2019esprit du Ramadan"},"content":{"rendered":"<p>La Premi\u00e8re Dame, Mari\u00e8me Vadhel Dah, a indiqu\u00e9 que la Mauritanie n\u2019a m\u00e9nag\u00e9 aucun effort, au cours des derni\u00e8res ann\u00e9es, pour am\u00e9liorer les conditions de vie des personnes aux besoins sp\u00e9ciaux, \u00e0 travers la formation, la prise en charge, les infrastructures et l\u2019implication des familles dans la r\u00e9habilitation de leurs enfants.<\/p>\n<p>Ouvrant la c\u00e9r\u00e9monie comm\u00e9morant la journ\u00e9e internationale de l\u2019autisme, la Premi\u00e8re Dame, a prononc\u00e9 un discours dont voici le libell\u00e9 :<\/p>\n<p>Madame la ministre de l\u2019Action sociale,<\/p>\n<p>Monsieur le chef du Centre Cheikh Zayed,<\/p>\n<p>Mesdames les pr\u00e9sidentes des ONGs sur s\u2019autisme,<\/p>\n<p>Mesdames les m\u00e8res des autistes,<\/p>\n<p>Vous comm\u00e9morez, \u00e0 travers cette manifestation, la journ\u00e9e internationale de l\u2019autisme en passant en revue les acquis et en explorant les d\u00e9fis auxquels fait face cette couche de la population.<\/p>\n<p>Cette comm\u00e9moration co\u00efncide, cette ann\u00e9e, avec le mois b\u00e9ni du Ramadan, avec ce qu\u2019il symbolise comme solidarit\u00e9, sympathie, cl\u00e9mence, ou g\u00e9n\u00e9rosit\u00e9.<\/p>\n<p>Ces valeurs s\u2019interf\u00e8rent avec vos soucis et marquent vos actions quotidiennes en faveur de cette cat\u00e9gorie d\u2019enfants,<\/p>\n<p>Mesdames et Messieurs,<\/p>\n<p>Notre pays a d\u00e9ploy\u00e9s, au cours des derni\u00e8res ann\u00e9es, des efforts louables en faveur des personnes aux besoins sp\u00e9ciaux \u00e0 travers des actions multiformes qui ont permis d\u2019am\u00e9liorer leurs conditions de vie.<\/p>\n<p>A ce propos, notre pays a r\u00e9ussi \u00e0 tisser des r\u00e9seaux de partenariat avec des institutions internationales, des structures \u00e9tatiques ou priv\u00e9es, agissant dans le domaine de l\u2019autisme, parmi lesquels notre partenariat avec les \u00e9miratis.<\/p>\n<p>Je souligne, ici, le r\u00f4le et la place qu\u2019occupent les m\u00e8res des autistes dans la recherche des solutions des probl\u00e8mes de cette cat\u00e9gorie et dans la prise en charge, partielle ou totale des enfants.<\/p>\n<p>Que Dieu b\u00e9nisse vos efforts tous.<br \/>\nAmi<\/p>\n","protected":false},"excerpt":{"rendered":"<p>La Premi\u00e8re Dame, Mari\u00e8me Vadhel Dah, a indiqu\u00e9 que la Mauritanie n\u2019a m\u00e9nag\u00e9 aucun effort, au cours des derni\u00e8res ann\u00e9es, pour am\u00e9liorer les conditions de vie des personnes aux besoins sp\u00e9ciaux, \u00e0 travers la formation, la prise en charge, les infrastructures et l\u2019implication des familles dans la r\u00e9habilitation de leurs enfants. Ouvrant la c\u00e9r\u00e9monie comm\u00e9morant &hellip;<\/p>\n","protected":false},"author":2,"featured_media":5059,"comment_status":"open","ping_status":"open","sticky":false,"template":"","format":"standard","meta":{"footnotes":""},"categories":[18],"tags":[],"class_list":["post-5058","post","type-post","status-publish","format-standard","has-post-thumbnail","hentry","category-actualites"],"_links":{"self":[{"href":"https:\/\/ladepeche.mr\/index.php?rest_route=\/wp\/v2\/posts\/5058","targetHints":{"allow":["GET"]}}],"collection":[{"href":"https:\/\/ladepeche.mr\/index.php?rest_route=\/wp\/v2\/posts"}],"about":[{"href":"https:\/\/ladepeche.mr\/index.php?rest_route=\/wp\/v2\/types\/post"}],"author":[{"embeddable":true,"href":"https:\/\/ladepeche.mr\/index.php?rest_route=\/wp\/v2\/users\/2"}],"replies":[{"embeddable":true,"href":"https:\/\/ladepeche.mr\/index.php?rest_route=%2Fwp%2Fv2%2Fcomments&post=5058"}],"version-history":[{"count":1,"href":"https:\/\/ladepeche.mr\/index.php?rest_route=\/wp\/v2\/posts\/5058\/revisions"}],"predecessor-version":[{"id":5060,"href":"https:\/\/ladepeche.mr\/index.php?rest_route=\/wp\/v2\/posts\/5058\/revisions\/5060"}],"wp:featuredmedia":[{"embeddable":true,"href":"https:\/\/ladepeche.mr\/index.php?rest_route=\/wp\/v2\/media\/5059"}],"wp:attachment":[{"href":"https:\/\/ladepeche.mr\/index.php?rest_route=%2Fwp%2Fv2%2Fmedia&parent=5058"}],"wp:term":[{"taxonomy":"category","embeddable":true,"href":"https:\/\/ladepeche.mr\/index.php?rest_route=%2Fwp%2Fv2%2Fcategories&post=5058"},{"taxonomy":"post_tag","embeddable":true,"href":"https:\/\/ladepeche.mr\/index.php?rest_route=%2Fwp%2Fv2%2Ftags&post=5058"}],"curies":[{"name":"wp","href":"https:\/\/api.w.org\/{rel}","templated":true}]}}