{"id":5061,"date":"2023-04-03T23:46:28","date_gmt":"2023-04-03T23:46:28","guid":{"rendered":"https:\/\/ladepeche.mr\/?p=5061"},"modified":"2023-04-03T23:49:34","modified_gmt":"2023-04-03T23:49:34","slug":"economie-le-maepsp-recoit-une-mission-dappui-a-la-numerotation-souveraine","status":"publish","type":"post","link":"https:\/\/ladepeche.mr\/?p=5061","title":{"rendered":"Economie- Le MAEPSP re\u00e7oit une mission onusienne d\u2019appui \u00e0 la num\u00e9rotation souveraine"},"content":{"rendered":"<p>Le ministre des affaires \u00e9conomiques et de la promotion des secteurs productifs, O. M. Kane a re\u00e7u, lundi, en audience une mission de la commission \u00e9conomique des NU pour l\u2019Afrique, conduite par la Cheffe du D\u00e9partement des Finances Innovantes et des March\u00e9s de Capitaux du D\u00e9partement du d\u00e9veloppement sectoriel et des finances.<br \/>\nLa rencontre a permis au ministre d\u2019\u00e9changer avec cette mission venue en appui technique \u00e0 une \u00e9tude d&#8217;\u00e9valuation du processus suivi de l\u2019outil de num\u00e9rotation souveraine.<br \/>\nLa num\u00e9rotation souveraine est un nouveau crit\u00e8re essentiel pour la d\u00e9termination de la solvabilit\u00e9 des Etats. Il peut donc les aider \u00e0 acc\u00e9der \u00e0 des pr\u00eats ou \u00e0 en \u00eatre priv\u00e9 comme il peut aussi d\u00e9termin\u00e9 des taux d\u2019int\u00e9r\u00eat des emprunteurs. Cet outil est entre les mains des agences de notation pour encourager ou au contraire d\u00e9courager l\u2019acc\u00e8s aux pr\u00eats.<br \/>\nNotons que cet \u00e9change entre le ministre et les responsables onusiens s\u2019est fait d\u00e9roul\u00e9e en pr\u00e9sence du secr\u00e9taire g\u00e9n\u00e9ral du minist\u00e8re, M. Yacoub Ould Ahmedaicha, ainsi que d\u2019autres collaborateurs du ministre.<\/p>\n","protected":false},"excerpt":{"rendered":"<p>Le ministre des affaires \u00e9conomiques et de la promotion des secteurs productifs, O. M. Kane a re\u00e7u, lundi, en audience une mission de la commission \u00e9conomique des NU pour l\u2019Afrique, conduite par la Cheffe du D\u00e9partement des Finances Innovantes et des March\u00e9s de Capitaux du D\u00e9partement du d\u00e9veloppement sectoriel et des finances. La rencontre a &hellip;<\/p>\n","protected":false},"author":2,"featured_media":5064,"comment_status":"open","ping_status":"open","sticky":false,"template":"","format":"standard","meta":{"footnotes":""},"categories":[18,2],"tags":[],"class_list":["post-5061","post","type-post","status-publish","format-standard","has-post-thumbnail","hentry","category-actualites","category-economie"],"_links":{"self":[{"href":"https:\/\/ladepeche.mr\/index.php?rest_route=\/wp\/v2\/posts\/5061","targetHints":{"allow":["GET"]}}],"collection":[{"href":"https:\/\/ladepeche.mr\/index.php?rest_route=\/wp\/v2\/posts"}],"about":[{"href":"https:\/\/ladepeche.mr\/index.php?rest_route=\/wp\/v2\/types\/post"}],"author":[{"embeddable":true,"href":"https:\/\/ladepeche.mr\/index.php?rest_route=\/wp\/v2\/users\/2"}],"replies":[{"embeddable":true,"href":"https:\/\/ladepeche.mr\/index.php?rest_route=%2Fwp%2Fv2%2Fcomments&post=5061"}],"version-history":[{"count":3,"href":"https:\/\/ladepeche.mr\/index.php?rest_route=\/wp\/v2\/posts\/5061\/revisions"}],"predecessor-version":[{"id":5065,"href":"https:\/\/ladepeche.mr\/index.php?rest_route=\/wp\/v2\/posts\/5061\/revisions\/5065"}],"wp:featuredmedia":[{"embeddable":true,"href":"https:\/\/ladepeche.mr\/index.php?rest_route=\/wp\/v2\/media\/5064"}],"wp:attachment":[{"href":"https:\/\/ladepeche.mr\/index.php?rest_route=%2Fwp%2Fv2%2Fmedia&parent=5061"}],"wp:term":[{"taxonomy":"category","embeddable":true,"href":"https:\/\/ladepeche.mr\/index.php?rest_route=%2Fwp%2Fv2%2Fcategories&post=5061"},{"taxonomy":"post_tag","embeddable":true,"href":"https:\/\/ladepeche.mr\/index.php?rest_route=%2Fwp%2Fv2%2Ftags&post=5061"}],"curies":[{"name":"wp","href":"https:\/\/api.w.org\/{rel}","templated":true}]}}