{"id":5070,"date":"2023-04-04T13:19:40","date_gmt":"2023-04-04T13:19:40","guid":{"rendered":"https:\/\/ladepeche.mr\/?p=5070"},"modified":"2023-04-04T23:44:48","modified_gmt":"2023-04-04T23:44:48","slug":"commission-sous-regionale-des-peches-qui-est-pressenti-pour-le-poste-de-secretaire-permanent","status":"publish","type":"post","link":"https:\/\/ladepeche.mr\/?p=5070","title":{"rendered":"Commission sous-r\u00e9gionale des p\u00eaches: Qui est pressenti pour le poste de secr\u00e9taire permanent ?"},"content":{"rendered":"<p>La Mauritanie a encore un d\u00e9lai d\u2019un mois pour proposer un de ses ressortissants au poste de secr\u00e9taire permanent de la Commission sous-r\u00e9gionale des p\u00eaches dont le si\u00e8ge se trouve \u00e0 Dakar, au S\u00e9n\u00e9gal.<br \/>\nLe poste confi\u00e9 par la Conf\u00e9rence des Ministres de la Commission sous-r\u00e9gionale des p\u00eaches, lors de sa r\u00e9union du 4 mars 2023 devrait \u00eatre pourvu avant le 05 mai prochain date de la prise de fonction officielle du responsable mauritanien.<\/p>\n<blockquote class=\"wp-embedded-content\" data-secret=\"zTKqOSMMyX\"><p><a href=\"https:\/\/ladepeche.mr\/?p=4705\">Mauritanie-S\u00e9n\u00e9gal : Les licences de p\u00eache s\u00e9n\u00e9galaises font des remous !<\/a><\/p><\/blockquote>\n<p><iframe loading=\"lazy\" class=\"wp-embedded-content\" sandbox=\"allow-scripts\" security=\"restricted\" style=\"position: absolute; clip: rect(1px, 1px, 1px, 1px);\" title=\"&#8220;Mauritanie-S\u00e9n\u00e9gal : Les licences de p\u00eache s\u00e9n\u00e9galaises font des remous !&#8221; &#8212; La D\u00e9p\u00eache  de Mauritanie et du Sahel\" src=\"https:\/\/ladepeche.mr\/?p=4705&#038;embed=true#?secret=Eo0UlDyuSG#?secret=zTKqOSMMyX\" data-secret=\"zTKqOSMMyX\" width=\"500\" height=\"282\" frameborder=\"0\" marginwidth=\"0\" marginheight=\"0\" scrolling=\"no\"><\/iframe><\/p>\n<p>La r\u00e9union de la Conf\u00e9rence des ministres organis\u00e9e \u00e0 Dakar tente d&#8217;harmoniser les politiques des pays membres en mati\u00e8re de pr\u00e9servation, de conservation et d&#8217;exploitation des ressources halieutiques dans cet espace qui regroupe outre notre pays, le S\u00e9n\u00e9gal, la Gambie, le Cap-Vert, la Guin\u00e9e Bissau et la Sierra Leone. Plusieurs engagements ont \u00e9t\u00e9 pris par les Etats dont notamment le paiement des arri\u00e9r\u00e9s de cotisations et la poursuite du plan strat\u00e9gique 2019-2023.<br \/>\nUne session extraordinaire de cette organisation est pr\u00e9vue en octobre 2023 en Mauritanie.<\/p>\n","protected":false},"excerpt":{"rendered":"<p>La Mauritanie a encore un d\u00e9lai d\u2019un mois pour proposer un de ses ressortissants au poste de secr\u00e9taire permanent de la Commission sous-r\u00e9gionale des p\u00eaches dont le si\u00e8ge se trouve \u00e0 Dakar, au S\u00e9n\u00e9gal. Le poste confi\u00e9 par la Conf\u00e9rence des Ministres de la Commission sous-r\u00e9gionale des p\u00eaches, lors de sa r\u00e9union du 4 mars &hellip;<\/p>\n","protected":false},"author":2,"featured_media":5071,"comment_status":"open","ping_status":"open","sticky":false,"template":"","format":"standard","meta":{"footnotes":""},"categories":[18,2,29],"tags":[],"class_list":["post-5070","post","type-post","status-publish","format-standard","has-post-thumbnail","hentry","category-actualites","category-economie","category-monde"],"_links":{"self":[{"href":"https:\/\/ladepeche.mr\/index.php?rest_route=\/wp\/v2\/posts\/5070","targetHints":{"allow":["GET"]}}],"collection":[{"href":"https:\/\/ladepeche.mr\/index.php?rest_route=\/wp\/v2\/posts"}],"about":[{"href":"https:\/\/ladepeche.mr\/index.php?rest_route=\/wp\/v2\/types\/post"}],"author":[{"embeddable":true,"href":"https:\/\/ladepeche.mr\/index.php?rest_route=\/wp\/v2\/users\/2"}],"replies":[{"embeddable":true,"href":"https:\/\/ladepeche.mr\/index.php?rest_route=%2Fwp%2Fv2%2Fcomments&post=5070"}],"version-history":[{"count":4,"href":"https:\/\/ladepeche.mr\/index.php?rest_route=\/wp\/v2\/posts\/5070\/revisions"}],"predecessor-version":[{"id":5091,"href":"https:\/\/ladepeche.mr\/index.php?rest_route=\/wp\/v2\/posts\/5070\/revisions\/5091"}],"wp:featuredmedia":[{"embeddable":true,"href":"https:\/\/ladepeche.mr\/index.php?rest_route=\/wp\/v2\/media\/5071"}],"wp:attachment":[{"href":"https:\/\/ladepeche.mr\/index.php?rest_route=%2Fwp%2Fv2%2Fmedia&parent=5070"}],"wp:term":[{"taxonomy":"category","embeddable":true,"href":"https:\/\/ladepeche.mr\/index.php?rest_route=%2Fwp%2Fv2%2Fcategories&post=5070"},{"taxonomy":"post_tag","embeddable":true,"href":"https:\/\/ladepeche.mr\/index.php?rest_route=%2Fwp%2Fv2%2Ftags&post=5070"}],"curies":[{"name":"wp","href":"https:\/\/api.w.org\/{rel}","templated":true}]}}