{"id":5074,"date":"2023-04-04T13:25:49","date_gmt":"2023-04-04T13:25:49","guid":{"rendered":"https:\/\/ladepeche.mr\/?p=5074"},"modified":"2023-04-04T13:25:49","modified_gmt":"2023-04-04T13:25:49","slug":"communique-de-presse-ceremonie-de-cloture-du-programme-fajr-appui-a-la-societe-civile-mauritanienne","status":"publish","type":"post","link":"https:\/\/ladepeche.mr\/?p=5074","title":{"rendered":"Communiqu\u00e9 de presse: C\u00e9r\u00e9monie de cl\u00f4ture du programme FAJR  (Appui \u00e0 la soci\u00e9t\u00e9 civile mauritanienne)"},"content":{"rendered":"<p>L\u2019ambassade de France en Mauritanie organise la c\u00e9r\u00e9monie de cl\u00f4ture du programme Fajr le mardi 4 avril \u00e0 10h \u00e0 l\u2019Institut Fran\u00e7ais de Mauritanie (IFM).<br \/>\nFajr est le programme d\u2019appui \u00e0 la soci\u00e9t\u00e9 civile mauritanienne mis en \u0153uvre par l\u2019ambassade de France en Mauritanie. Lanc\u00e9 en 2015, Fajr a \u00e9t\u00e9 construit \u00e0 l\u2019issue d\u2019un processus de concertation men\u00e9 avec les organisations de la soci\u00e9t\u00e9 civile (OSC) mauritanienne et leurs partenaires. Depuis, Fajr renouvelle chaque ann\u00e9e son engagement aupr\u00e8s de la soci\u00e9t\u00e9 civile en s\u2019adaptant \u00e0 ses \u00e9volutions, \u00e0 ses attentes et aux d\u00e9fis auxquels elle se confronte<br \/>\nDepuis 8 ans, le programme Fajr dans son ensemble a permis de soutenir un total de 129 projets port\u00e9s par plus de 150 OSC, et dont 46 ont \u00e9t\u00e9 p\u00e9rennis\u00e9s. <\/p>\n<p>Fajr 4 constituait la 4\u00e8me et derni\u00e8re phase de ce projet, mise en \u0153uvre pour une dur\u00e9e de 2 ans, de 2021 \u00e0 2023, et avait pour objectif sp\u00e9cifique de favoriser l\u2019autonomisation des jeunes femmes \u00e0 travers le renforcement des capacit\u00e9s des organisations de la soci\u00e9t\u00e9 civile mauritanienne et de leurs acteurs, en ciblant en particulier celles des r\u00e9gions de l\u2019int\u00e9rieur du pays, g\u00e9n\u00e9ralement plus difficiles d\u2019acc\u00e8s et moins connect\u00e9es aux r\u00e9seaux de d\u00e9veloppement. <\/p>\n<p>Cette derni\u00e8re phase a marqu\u00e9 \u00e9galement l\u2019\u00e9tablissement d\u2019une relation \u00e9troite avec le Commissariat aux droits de l\u2019Homme, \u00e0 l\u2019action humanitaire et aux relations avec la soci\u00e9t\u00e9 civile (CDHAHRSC).<br \/>\nEn 2023, la France poursuivra son engagement en faveur de la soci\u00e9t\u00e9 civile mauritanienne \u00e0 travers la mise en place d\u2019un programme concert\u00e9 pluri-acteurs (PCPA) financ\u00e9 par l\u2019Agence fran\u00e7aise de d\u00e9veloppement (AFD) et port\u00e9 par un consortium d\u2019OSC locales pilot\u00e9 par le GRDR Migration-Citoyennet\u00e9-D\u00e9veloppement. Ce projet plus structurant visera \u00e0 consolider, lors de la 1\u00e8re phase, de 2023 \u00e0 2026, les acquis du programme Fajr et \u00e0 d\u00e9velopper plus encore le dialogue entre les organisations de la soci\u00e9t\u00e9 civile, les institutions et les pouvoirs publics de Mauritanie et de France.<br \/>\nSource Ambassade de France en Mauritanie<\/p>\n","protected":false},"excerpt":{"rendered":"<p>L\u2019ambassade de France en Mauritanie organise la c\u00e9r\u00e9monie de cl\u00f4ture du programme Fajr le mardi 4 avril \u00e0 10h \u00e0 l\u2019Institut Fran\u00e7ais de Mauritanie (IFM). Fajr est le programme d\u2019appui \u00e0 la soci\u00e9t\u00e9 civile mauritanienne mis en \u0153uvre par l\u2019ambassade de France en Mauritanie. Lanc\u00e9 en 2015, Fajr a \u00e9t\u00e9 construit \u00e0 l\u2019issue d\u2019un processus &hellip;<\/p>\n","protected":false},"author":2,"featured_media":5075,"comment_status":"open","ping_status":"open","sticky":false,"template":"","format":"standard","meta":{"footnotes":""},"categories":[18,19],"tags":[],"class_list":["post-5074","post","type-post","status-publish","format-standard","has-post-thumbnail","hentry","category-actualites","category-tribune"],"_links":{"self":[{"href":"https:\/\/ladepeche.mr\/index.php?rest_route=\/wp\/v2\/posts\/5074","targetHints":{"allow":["GET"]}}],"collection":[{"href":"https:\/\/ladepeche.mr\/index.php?rest_route=\/wp\/v2\/posts"}],"about":[{"href":"https:\/\/ladepeche.mr\/index.php?rest_route=\/wp\/v2\/types\/post"}],"author":[{"embeddable":true,"href":"https:\/\/ladepeche.mr\/index.php?rest_route=\/wp\/v2\/users\/2"}],"replies":[{"embeddable":true,"href":"https:\/\/ladepeche.mr\/index.php?rest_route=%2Fwp%2Fv2%2Fcomments&post=5074"}],"version-history":[{"count":1,"href":"https:\/\/ladepeche.mr\/index.php?rest_route=\/wp\/v2\/posts\/5074\/revisions"}],"predecessor-version":[{"id":5076,"href":"https:\/\/ladepeche.mr\/index.php?rest_route=\/wp\/v2\/posts\/5074\/revisions\/5076"}],"wp:featuredmedia":[{"embeddable":true,"href":"https:\/\/ladepeche.mr\/index.php?rest_route=\/wp\/v2\/media\/5075"}],"wp:attachment":[{"href":"https:\/\/ladepeche.mr\/index.php?rest_route=%2Fwp%2Fv2%2Fmedia&parent=5074"}],"wp:term":[{"taxonomy":"category","embeddable":true,"href":"https:\/\/ladepeche.mr\/index.php?rest_route=%2Fwp%2Fv2%2Fcategories&post=5074"},{"taxonomy":"post_tag","embeddable":true,"href":"https:\/\/ladepeche.mr\/index.php?rest_route=%2Fwp%2Fv2%2Ftags&post=5074"}],"curies":[{"name":"wp","href":"https:\/\/api.w.org\/{rel}","templated":true}]}}