{"id":5093,"date":"2023-04-05T15:16:29","date_gmt":"2023-04-05T15:16:29","guid":{"rendered":"https:\/\/ladepeche.mr\/?p=5093"},"modified":"2023-04-05T15:16:52","modified_gmt":"2023-04-05T15:16:52","slug":"5093","status":"publish","type":"post","link":"https:\/\/ladepeche.mr\/?p=5093","title":{"rendered":"S\u00e9n\u00e9gal : l\u2019ex\u00e9cutif d\u00e9clare un foyer d\u2019influenza aviaire dans le nord-ouest"},"content":{"rendered":"<p>Depuis 2022, la grippe aviaire s\u00e9vit dans plusieurs r\u00e9gions du monde. En Am\u00e9rique du Nord et du Sud, en Europe, en Asie et en Afrique, la maladie se propage \u00e0 grande vitesse gr\u00e2ce aux migrations massives des oiseaux sauvages.<br \/>\nAu S\u00e9n\u00e9gal, un foyer de la grippe aviaire du sous-type H5N1 a \u00e9t\u00e9 signal\u00e9 dans une ferme situ\u00e9e dans le village de Potou, pr\u00e8s de la ville de Louga dans le nord-ouest du pays. L\u2019annonce a \u00e9t\u00e9 faite conjointement par l\u2019Organisation mondiale de la sant\u00e9 animale (OIE) et le gouvernement le 31 mars dernier.<br \/>\nDans les d\u00e9tails, l\u2019\u00e9pid\u00e9mie qui s\u2019est d\u00e9clench\u00e9e depuis le 18 mars a d\u00e9j\u00e0 tu\u00e9 500 oiseaux et entra\u00een\u00e9 l\u2019abattage de 11\u2009400 autres t\u00eates de volaille. D\u2019apr\u00e8s les autorit\u00e9s s\u00e9n\u00e9galaises, l\u2019exploitation avicole touch\u00e9e par la maladie est situ\u00e9e non loin d\u2019un foyer localis\u00e9 dans le Parc national de la Langue de Barbarie (PNLB) o\u00f9 la m\u00eame souche du virus a \u00e9t\u00e9 confirm\u00e9e depuis quelques semaines.<br \/>\n\u00ab\u2009Il y a de fortes chances qu\u2019il y ait un lien \u00e9pid\u00e9miologique entre les deux foyers\u2009\u00bb, a d\u00e9clar\u00e9 le minist\u00e8re de l\u2019\u00c9levage. Plus globalement, il faut noter que le virus de type H5N1 a \u00e9t\u00e9 d\u00e9tect\u00e9 pour la premi\u00e8re fois le 8 mars \u00e0 partir d\u2019\u00e9chantillons pr\u00e9lev\u00e9s sur deux esp\u00e8ces de sternes migratrices autour du lac Rose et de l\u2019\u00eele de Yoff.<br \/>\n\u00ab\u2009Cette apparition de la maladie co\u00efncide avec la grande migration transatlantique des oiseaux aquatiques dont une partie reste dans les zones humides situ\u00e9es dans le nord du pays entre novembre et mars. De fait, il est fort probable que les oiseaux migrateurs aient propag\u00e9 la maladie\u2009\u00bb, pr\u00e9cise le minist\u00e8re.<br \/>\nPour rappel, les oiseaux aquatiques peuvent porter l\u2019influenza aviaire sans en mourir et le propager dans la volaille par le biais d\u2019excr\u00e9ments contamin\u00e9s ou de salive. Depuis l\u2019ann\u00e9e derni\u00e8re, l\u2019Alg\u00e9rie, le Nig\u00e9ria, la Guin\u00e9e, le Gabon et le Burkina Faso ont \u00e9t\u00e9 aussi touch\u00e9s par la maladie.<br \/>\nhttps:\/\/www.agenceecofin.com\/aviculture\/0304-107092-senegal-l-executif-declare-un-foyer-d-influenza-aviaire-dans-le-nord-ouest<\/p>\n","protected":false},"excerpt":{"rendered":"<p>Depuis 2022, la grippe aviaire s\u00e9vit dans plusieurs r\u00e9gions du monde. En Am\u00e9rique du Nord et du Sud, en Europe, en Asie et en Afrique, la maladie se propage \u00e0 grande vitesse gr\u00e2ce aux migrations massives des oiseaux sauvages. Au S\u00e9n\u00e9gal, un foyer de la grippe aviaire du sous-type H5N1 a \u00e9t\u00e9 signal\u00e9 dans une &hellip;<\/p>\n","protected":false},"author":2,"featured_media":5094,"comment_status":"open","ping_status":"open","sticky":false,"template":"","format":"standard","meta":{"footnotes":""},"categories":[18,29,27],"tags":[],"class_list":["post-5093","post","type-post","status-publish","format-standard","has-post-thumbnail","hentry","category-actualites","category-monde","category-sante"],"_links":{"self":[{"href":"https:\/\/ladepeche.mr\/index.php?rest_route=\/wp\/v2\/posts\/5093","targetHints":{"allow":["GET"]}}],"collection":[{"href":"https:\/\/ladepeche.mr\/index.php?rest_route=\/wp\/v2\/posts"}],"about":[{"href":"https:\/\/ladepeche.mr\/index.php?rest_route=\/wp\/v2\/types\/post"}],"author":[{"embeddable":true,"href":"https:\/\/ladepeche.mr\/index.php?rest_route=\/wp\/v2\/users\/2"}],"replies":[{"embeddable":true,"href":"https:\/\/ladepeche.mr\/index.php?rest_route=%2Fwp%2Fv2%2Fcomments&post=5093"}],"version-history":[{"count":2,"href":"https:\/\/ladepeche.mr\/index.php?rest_route=\/wp\/v2\/posts\/5093\/revisions"}],"predecessor-version":[{"id":5096,"href":"https:\/\/ladepeche.mr\/index.php?rest_route=\/wp\/v2\/posts\/5093\/revisions\/5096"}],"wp:featuredmedia":[{"embeddable":true,"href":"https:\/\/ladepeche.mr\/index.php?rest_route=\/wp\/v2\/media\/5094"}],"wp:attachment":[{"href":"https:\/\/ladepeche.mr\/index.php?rest_route=%2Fwp%2Fv2%2Fmedia&parent=5093"}],"wp:term":[{"taxonomy":"category","embeddable":true,"href":"https:\/\/ladepeche.mr\/index.php?rest_route=%2Fwp%2Fv2%2Fcategories&post=5093"},{"taxonomy":"post_tag","embeddable":true,"href":"https:\/\/ladepeche.mr\/index.php?rest_route=%2Fwp%2Fv2%2Ftags&post=5093"}],"curies":[{"name":"wp","href":"https:\/\/api.w.org\/{rel}","templated":true}]}}