{"id":5098,"date":"2023-04-05T17:28:54","date_gmt":"2023-04-05T17:28:54","guid":{"rendered":"https:\/\/ladepeche.mr\/?p=5098"},"modified":"2023-04-06T00:25:23","modified_gmt":"2023-04-06T00:25:23","slug":"parc-automobile-de-letat-pas-encore-de-traces-des-centaines-de-vehicules-voles","status":"publish","type":"post","link":"https:\/\/ladepeche.mr\/?p=5098","title":{"rendered":"Parc automobile de l\u2019Etat: Pas encore de trace des centaines de v\u00e9hicules vol\u00e9s?"},"content":{"rendered":"<p>Il y a un an, jour pour jour, que le minist\u00e8re des finances a d\u00e9plor\u00e9, \u00e0 l\u2019issue d\u2019un inventaire du parc automobile de l\u2019Etat, la disparition de plus 900 v\u00e9hicules, de diff\u00e9rentes marques, relevant du patrimoine de l\u2019Etat et qui s\u2019\u00e9taient volatilis\u00e9s entre 2015 et 2020, sans autre forme de proc\u00e8s.<br \/>\nC\u2019est pourtant le minist\u00e8re qui avait fait cette r\u00e9v\u00e9lation fracassante et promis de retrouver les v\u00e9hicules vol\u00e9s ; parce qu\u2019il ne pouvait en \u00eatre autrement. Le pot-aux-roses avait \u00e9t\u00e9 d\u00e9couvert apr\u00e8s un inventaire des biens mobiliers et immobiliers de l\u2019Etat.<br \/>\nLes premiers constats faits par le minist\u00e8re \u00e9taient que sur plus de 960 v\u00e9hicules port\u00e9s disparus 300, au moins, avaient \u00e9t\u00e9 ill\u00e9galement \u00ab r\u00e9form\u00e9s\u00bb (vendues) \u00e0 de tierces personnes.<br \/>\nDe l\u2019avis m\u00eame du minist\u00e8re en charge de la gestion des biens de l\u2019Etat ce n\u2019\u00e9tait l\u00e0 que la partie visible de l\u2019iceberg car malgr\u00e9 ses r\u00e9sultats effarants, cet inventaire ne concernait pas toutes les administrations publiques.<br \/>\nCombien l\u2019Etat a finalement r\u00e9cup\u00e9r\u00e9s sur le nombre connu de v\u00e9hicules dont il a \u00e9t\u00e9 d\u00e9lest\u00e9 ? L\u2019enqu\u00eate a-t-elle patin\u00e9 ? A-t-elle \u00e9t\u00e9 \u00e9touff\u00e9e ?<br \/>\nDepuis un an, en tout cas, on n\u2019en a plus entendu parler.<br \/>\nJD<\/p>\n","protected":false},"excerpt":{"rendered":"<p>Il y a un an, jour pour jour, que le minist\u00e8re des finances a d\u00e9plor\u00e9, \u00e0 l\u2019issue d\u2019un inventaire du parc automobile de l\u2019Etat, la disparition de plus 900 v\u00e9hicules, de diff\u00e9rentes marques, relevant du patrimoine de l\u2019Etat et qui s\u2019\u00e9taient volatilis\u00e9s entre 2015 et 2020, sans autre forme de proc\u00e8s. C\u2019est pourtant le minist\u00e8re &hellip;<\/p>\n","protected":false},"author":2,"featured_media":5099,"comment_status":"open","ping_status":"open","sticky":false,"template":"","format":"standard","meta":{"footnotes":""},"categories":[18,2,30],"tags":[],"class_list":["post-5098","post","type-post","status-publish","format-standard","has-post-thumbnail","hentry","category-actualites","category-economie","category-enquetes"],"_links":{"self":[{"href":"https:\/\/ladepeche.mr\/index.php?rest_route=\/wp\/v2\/posts\/5098","targetHints":{"allow":["GET"]}}],"collection":[{"href":"https:\/\/ladepeche.mr\/index.php?rest_route=\/wp\/v2\/posts"}],"about":[{"href":"https:\/\/ladepeche.mr\/index.php?rest_route=\/wp\/v2\/types\/post"}],"author":[{"embeddable":true,"href":"https:\/\/ladepeche.mr\/index.php?rest_route=\/wp\/v2\/users\/2"}],"replies":[{"embeddable":true,"href":"https:\/\/ladepeche.mr\/index.php?rest_route=%2Fwp%2Fv2%2Fcomments&post=5098"}],"version-history":[{"count":2,"href":"https:\/\/ladepeche.mr\/index.php?rest_route=\/wp\/v2\/posts\/5098\/revisions"}],"predecessor-version":[{"id":5114,"href":"https:\/\/ladepeche.mr\/index.php?rest_route=\/wp\/v2\/posts\/5098\/revisions\/5114"}],"wp:featuredmedia":[{"embeddable":true,"href":"https:\/\/ladepeche.mr\/index.php?rest_route=\/wp\/v2\/media\/5099"}],"wp:attachment":[{"href":"https:\/\/ladepeche.mr\/index.php?rest_route=%2Fwp%2Fv2%2Fmedia&parent=5098"}],"wp:term":[{"taxonomy":"category","embeddable":true,"href":"https:\/\/ladepeche.mr\/index.php?rest_route=%2Fwp%2Fv2%2Fcategories&post=5098"},{"taxonomy":"post_tag","embeddable":true,"href":"https:\/\/ladepeche.mr\/index.php?rest_route=%2Fwp%2Fv2%2Ftags&post=5098"}],"curies":[{"name":"wp","href":"https:\/\/api.w.org\/{rel}","templated":true}]}}