{"id":5106,"date":"2023-04-05T23:39:50","date_gmt":"2023-04-05T23:39:50","guid":{"rendered":"https:\/\/ladepeche.mr\/?p=5106"},"modified":"2023-04-05T23:39:50","modified_gmt":"2023-04-05T23:39:50","slug":"la-mauritanie-condamne-la-prise-dassaut-de-la-mosquee-el-aqsa-par-les-forces-doccupation-israeliennes","status":"publish","type":"post","link":"https:\/\/ladepeche.mr\/?p=5106","title":{"rendered":"La Mauritanie condamne la prise d\u2019assaut de la mosqu\u00e9e El-Aqsa par les forces d\u2019occupation isra\u00e9liennes"},"content":{"rendered":"<p>La R\u00e9publique islamique de Mauritanie a fermement condamn\u00e9 la prise d\u2019assaut par les forces d\u2019occupation isra\u00e9liennes des cours de la mosqu\u00e9e El-Aqsa, vandalisant et profanant les lieux sacr\u00e9s islamiques et attaquant brutalement les fid\u00e8les qui se sont retir\u00e9s pour adorer Allah.<\/p>\n<p>C\u2019est ce qui ressort d\u2019un communiqu\u00e9 publi\u00e9 par le minist\u00e8re des Affaires \u00e9trang\u00e8res, de la Coop\u00e9ration et des Mauritaniens de l\u2019Ext\u00e9rieur, mercredi, dont une copie est parvenue \u00e0 l\u2019Agence mauritanienne d\u2019Information.<\/p>\n<p>En voici le texte :<\/p>\n<p>\u00ab Le minist\u00e8re des Affaires \u00e9trang\u00e8res, de la Coop\u00e9ration et des Mauritaniens de l\u2019Ext\u00e9rieur condamne fermement la prise d\u2019assaut par les forces d\u2019occupation isra\u00e9liennes des cours de la mosqu\u00e9e El-Aqsa, la destruction et la profanation des lieux sacr\u00e9s islamiques et l\u2019agression brutale contre les fid\u00e8les en retrait pour adorer Allah.<\/p>\n<p>Le minist\u00e8re des Affaires \u00e9trang\u00e8res consid\u00e8re que cet acte criminel, qui a \u00e9t\u00e9 commis par des extr\u00e9mistes sous la protection des forces d\u2019occupation isra\u00e9liennes, repr\u00e9sente une dangereuse escalade et une grave provocation des sentiments des musulmans en ce mois b\u00e9ni.<\/p>\n<p>Tout d\u00e9non\u00e7ant cette violation flagrante du droit international et de toutes les normes et pactes internationaux, le minist\u00e8re renouvelle la position ferme de la R\u00e9publique islamique de Mauritanie aux c\u00f4t\u00e9s du peuple palestinien, et son soutien \u00e0 tous les efforts et actions visant \u00e0 mettre fin \u00e0 l\u2019occupation et \u00e0 \u00e9tablir un \u00c9tat palestinien ind\u00e9pendant, avec El Qods pour capitale, conform\u00e9ment aux r\u00e9solutions internationales pertinentes. Il met \u00e9galement en garde contre les cons\u00e9quences de toute mesure entra\u00eenant des modifications du statut historique et juridique de la mosqu\u00e9e El-Aqsa et d\u2019El-Qods Ach-Charif.<br \/>\nAmi<\/p>\n","protected":false},"excerpt":{"rendered":"<p>La R\u00e9publique islamique de Mauritanie a fermement condamn\u00e9 la prise d\u2019assaut par les forces d\u2019occupation isra\u00e9liennes des cours de la mosqu\u00e9e El-Aqsa, vandalisant et profanant les lieux sacr\u00e9s islamiques et attaquant brutalement les fid\u00e8les qui se sont retir\u00e9s pour adorer Allah. C\u2019est ce qui ressort d\u2019un communiqu\u00e9 publi\u00e9 par le minist\u00e8re des Affaires \u00e9trang\u00e8res, de &hellip;<\/p>\n","protected":false},"author":2,"featured_media":5107,"comment_status":"open","ping_status":"open","sticky":false,"template":"","format":"standard","meta":{"footnotes":""},"categories":[18,29],"tags":[],"class_list":["post-5106","post","type-post","status-publish","format-standard","has-post-thumbnail","hentry","category-actualites","category-monde"],"_links":{"self":[{"href":"https:\/\/ladepeche.mr\/index.php?rest_route=\/wp\/v2\/posts\/5106","targetHints":{"allow":["GET"]}}],"collection":[{"href":"https:\/\/ladepeche.mr\/index.php?rest_route=\/wp\/v2\/posts"}],"about":[{"href":"https:\/\/ladepeche.mr\/index.php?rest_route=\/wp\/v2\/types\/post"}],"author":[{"embeddable":true,"href":"https:\/\/ladepeche.mr\/index.php?rest_route=\/wp\/v2\/users\/2"}],"replies":[{"embeddable":true,"href":"https:\/\/ladepeche.mr\/index.php?rest_route=%2Fwp%2Fv2%2Fcomments&post=5106"}],"version-history":[{"count":1,"href":"https:\/\/ladepeche.mr\/index.php?rest_route=\/wp\/v2\/posts\/5106\/revisions"}],"predecessor-version":[{"id":5108,"href":"https:\/\/ladepeche.mr\/index.php?rest_route=\/wp\/v2\/posts\/5106\/revisions\/5108"}],"wp:featuredmedia":[{"embeddable":true,"href":"https:\/\/ladepeche.mr\/index.php?rest_route=\/wp\/v2\/media\/5107"}],"wp:attachment":[{"href":"https:\/\/ladepeche.mr\/index.php?rest_route=%2Fwp%2Fv2%2Fmedia&parent=5106"}],"wp:term":[{"taxonomy":"category","embeddable":true,"href":"https:\/\/ladepeche.mr\/index.php?rest_route=%2Fwp%2Fv2%2Fcategories&post=5106"},{"taxonomy":"post_tag","embeddable":true,"href":"https:\/\/ladepeche.mr\/index.php?rest_route=%2Fwp%2Fv2%2Ftags&post=5106"}],"curies":[{"name":"wp","href":"https:\/\/api.w.org\/{rel}","templated":true}]}}