{"id":5110,"date":"2023-04-06T00:10:07","date_gmt":"2023-04-06T00:10:07","guid":{"rendered":"https:\/\/ladepeche.mr\/?p=5110"},"modified":"2023-04-06T00:11:00","modified_gmt":"2023-04-06T00:11:00","slug":"football-le-comite-executif-prepare-lelection-du-futur-president","status":"publish","type":"post","link":"https:\/\/ladepeche.mr\/?p=5110","title":{"rendered":"Football: Le comit\u00e9 ex\u00e9cutif pr\u00e9pare l&#8217;\u00e9lection du futur pr\u00e9sident de la FFRIM!"},"content":{"rendered":"<p>Le Comit\u00e9 ex\u00e9cutif de la FFRIM (f\u00e9d\u00e9ration mauritanienne de football) s\u2019est r\u00e9uni, mardi 4 avril 2023, sous la pr\u00e9sidence de Ahmed Yahya. Le pr\u00e9sident de la FFRIM aurait, en cette occasion, entam\u00e9 la r\u00e9union par un hommage posthume appuy\u00e9 \u00e0 feu Pape Amghar Dieng, membre du Comit\u00e9 ex\u00e9cutif et vice-pr\u00e9sident de la F\u00e9d\u00e9ration.<br \/>\nDans les faits, la r\u00e9union du comit\u00e9 ex\u00e9cutif \u00e9tait focalis\u00e9e sur le pr\u00e9paratifs de la 22\u00e8me assembl\u00e9e g\u00e9n\u00e9rale ordinaire. Elle devrait voir l\u2019actuel pr\u00e9sident de la FFRIM rempiler pour un autre mandat en l\u2019absence d\u2019un v\u00e9ritable outsider \u00e0 ce poste. Ahmed Ould Yahya, aur\u00e9ol\u00e9 d&#8217;un bilan plut\u00f4t satisfaisant ayant sorti la Mauritanie des bas-fonds du classement sur le Continent Africain, devrait, sans surprise \u00eatre r\u00e9elu.<br \/>\nC\u2019est certainement le sentiment du comit\u00e9 ex\u00e9cutif qui ne tarit pas d\u2019\u00e9loges sur le dernier bilan de son action et sur celle de son Secr\u00e9taire g\u00e9n\u00e9ral.<br \/>\nLa FFRIM veut, semble-t-il, \u00e0 l\u2019occasion organiser une r\u00e9\u00e9lection sans ambages en pr\u00e9sence de repr\u00e9sentants de la Fifa, de la Caf ainsi que des personnalit\u00e9s reconnues dans le monde du Football.<br \/>\n(avec communiqu\u00e9) <\/p>\n","protected":false},"excerpt":{"rendered":"<p>Le Comit\u00e9 ex\u00e9cutif de la FFRIM (f\u00e9d\u00e9ration mauritanienne de football) s\u2019est r\u00e9uni, mardi 4 avril 2023, sous la pr\u00e9sidence de Ahmed Yahya. Le pr\u00e9sident de la FFRIM aurait, en cette occasion, entam\u00e9 la r\u00e9union par un hommage posthume appuy\u00e9 \u00e0 feu Pape Amghar Dieng, membre du Comit\u00e9 ex\u00e9cutif et vice-pr\u00e9sident de la F\u00e9d\u00e9ration. Dans les &hellip;<\/p>\n","protected":false},"author":2,"featured_media":5111,"comment_status":"open","ping_status":"open","sticky":false,"template":"","format":"standard","meta":{"footnotes":""},"categories":[18,17],"tags":[],"class_list":["post-5110","post","type-post","status-publish","format-standard","has-post-thumbnail","hentry","category-actualites","category-sports"],"_links":{"self":[{"href":"https:\/\/ladepeche.mr\/index.php?rest_route=\/wp\/v2\/posts\/5110","targetHints":{"allow":["GET"]}}],"collection":[{"href":"https:\/\/ladepeche.mr\/index.php?rest_route=\/wp\/v2\/posts"}],"about":[{"href":"https:\/\/ladepeche.mr\/index.php?rest_route=\/wp\/v2\/types\/post"}],"author":[{"embeddable":true,"href":"https:\/\/ladepeche.mr\/index.php?rest_route=\/wp\/v2\/users\/2"}],"replies":[{"embeddable":true,"href":"https:\/\/ladepeche.mr\/index.php?rest_route=%2Fwp%2Fv2%2Fcomments&post=5110"}],"version-history":[{"count":2,"href":"https:\/\/ladepeche.mr\/index.php?rest_route=\/wp\/v2\/posts\/5110\/revisions"}],"predecessor-version":[{"id":5113,"href":"https:\/\/ladepeche.mr\/index.php?rest_route=\/wp\/v2\/posts\/5110\/revisions\/5113"}],"wp:featuredmedia":[{"embeddable":true,"href":"https:\/\/ladepeche.mr\/index.php?rest_route=\/wp\/v2\/media\/5111"}],"wp:attachment":[{"href":"https:\/\/ladepeche.mr\/index.php?rest_route=%2Fwp%2Fv2%2Fmedia&parent=5110"}],"wp:term":[{"taxonomy":"category","embeddable":true,"href":"https:\/\/ladepeche.mr\/index.php?rest_route=%2Fwp%2Fv2%2Fcategories&post=5110"},{"taxonomy":"post_tag","embeddable":true,"href":"https:\/\/ladepeche.mr\/index.php?rest_route=%2Fwp%2Fv2%2Ftags&post=5110"}],"curies":[{"name":"wp","href":"https:\/\/api.w.org\/{rel}","templated":true}]}}