{"id":5116,"date":"2023-04-06T15:00:10","date_gmt":"2023-04-06T15:00:10","guid":{"rendered":"https:\/\/ladepeche.mr\/?p=5116"},"modified":"2023-04-06T15:00:10","modified_gmt":"2023-04-06T15:00:10","slug":"tchad-les-380-rebelles-du-fact-gracies-par-la-transition-ont-ete-liberes","status":"publish","type":"post","link":"https:\/\/ladepeche.mr\/?p=5116","title":{"rendered":"Tchad: les 380 rebelles du Fact graci\u00e9s par la transition ont \u00e9t\u00e9 lib\u00e9r\u00e9s"},"content":{"rendered":"<p>Au Tchad, 380 combattants du Fact (Front pour l&#8217;alternance et la concorde au Tchad), condamn\u00e9s \u00e0 la perp\u00e9tuit\u00e9 le 21 mars dernier et graci\u00e9s il y a une dizaine de jours par le pr\u00e9sident de transition, ont \u00e9t\u00e9 lib\u00e9r\u00e9s mercredi 5 avril au matin. Selon le porte-parole du gouvernement, il s\u2019agit d\u2019un signe que Mahamat Idriss D\u00e9by veut agir pour la paix et la r\u00e9conciliation d\u00e9finitive du Tchad.<br \/>\nUne c\u00e9r\u00e9monie officielle a eu lieu mercredi 5 avril au matin \u00e0 la prison de Klessoum, dans la p\u00e9riph\u00e9rie de Ndjamena, en pr\u00e9sence de nombreux officiels et parents des graci\u00e9s, ainsi que de tr\u00e8s nombreux journalistes. Elle n&#8217;a pas dur\u00e9 longtemps : une quarantaine de minutes \u00e0 peine.<\/p>\n<p>Une trentaine de combattants repr\u00e9sentant symboliquement les 380 graci\u00e9s ont re\u00e7u des mains du ministre de la Justice Mahamat Ahmat Alhabo un certificat de lib\u00e9ration qui leur ouvre les portes de la prison. Entre-temps, les graci\u00e9s attendaient des bus qui devaient les ramener chez eux, selon les autorit\u00e9s p\u00e9nitentiaires.<\/p>\n<p>Il y avait des larmes et de la joie. De nombreuses familles \u00e9taient heureuses de retrouver un fils, un mari qu\u2019elles n\u2019esp\u00e9raient plus revoir il y a quelques semaines comme t\u00e9moignent ces quelques parents, rapporte notre correspondant au Tchad, Olivier Monodji. \u00ab \u00c7a fait presque trois ans, je ne comptais pas revoir mon \u00e9poux aujourd&#8217;hui. Dieu merci, je suis vraiment contente \u00bb, raconte une femme. <\/p>\n<p>Les autorit\u00e9s ont lib\u00e9r\u00e9 les \u00e9l\u00e9ments du front pour l\u2019alternance et la concorde au Tchad (Fact) arr\u00eat\u00e9s en avril 2021. Pour rappel, ces hommes font partie d&#8217;un groupe de plusieurs centaines de combattants du Fact qui avaient \u00e9t\u00e9 faits prisonniers lors de l\u2019offensive qui avait co\u00fbt\u00e9 la vie \u00e0 l&#8217;ex-pr\u00e9sident Idriss D\u00e9by Itno.<br \/>\nLire la suite sur:<br \/>\nhttps:\/\/www.rfi.fr\/fr\/afrique\/20230405-tchad-les-380-combattants-du-fact-graci%C3%A9s-par-la-transition-ont-%C3%A9t%C3%A9-lib%C3%A9r%C3%A9s?_ope=eyJndWlkIjoiOTMwMjIwNGY3ZmZhNzMxODU0NDI3OTA1ZjdiOTc4NGUifQ%3D%3D<\/p>\n","protected":false},"excerpt":{"rendered":"<p>Au Tchad, 380 combattants du Fact (Front pour l&#8217;alternance et la concorde au Tchad), condamn\u00e9s \u00e0 la perp\u00e9tuit\u00e9 le 21 mars dernier et graci\u00e9s il y a une dizaine de jours par le pr\u00e9sident de transition, ont \u00e9t\u00e9 lib\u00e9r\u00e9s mercredi 5 avril au matin. Selon le porte-parole du gouvernement, il s\u2019agit d\u2019un signe que Mahamat &hellip;<\/p>\n","protected":false},"author":2,"featured_media":5117,"comment_status":"open","ping_status":"open","sticky":false,"template":"","format":"standard","meta":{"footnotes":""},"categories":[29,28],"tags":[],"class_list":["post-5116","post","type-post","status-publish","format-standard","has-post-thumbnail","hentry","category-monde","category-sahel"],"_links":{"self":[{"href":"https:\/\/ladepeche.mr\/index.php?rest_route=\/wp\/v2\/posts\/5116","targetHints":{"allow":["GET"]}}],"collection":[{"href":"https:\/\/ladepeche.mr\/index.php?rest_route=\/wp\/v2\/posts"}],"about":[{"href":"https:\/\/ladepeche.mr\/index.php?rest_route=\/wp\/v2\/types\/post"}],"author":[{"embeddable":true,"href":"https:\/\/ladepeche.mr\/index.php?rest_route=\/wp\/v2\/users\/2"}],"replies":[{"embeddable":true,"href":"https:\/\/ladepeche.mr\/index.php?rest_route=%2Fwp%2Fv2%2Fcomments&post=5116"}],"version-history":[{"count":1,"href":"https:\/\/ladepeche.mr\/index.php?rest_route=\/wp\/v2\/posts\/5116\/revisions"}],"predecessor-version":[{"id":5118,"href":"https:\/\/ladepeche.mr\/index.php?rest_route=\/wp\/v2\/posts\/5116\/revisions\/5118"}],"wp:featuredmedia":[{"embeddable":true,"href":"https:\/\/ladepeche.mr\/index.php?rest_route=\/wp\/v2\/media\/5117"}],"wp:attachment":[{"href":"https:\/\/ladepeche.mr\/index.php?rest_route=%2Fwp%2Fv2%2Fmedia&parent=5116"}],"wp:term":[{"taxonomy":"category","embeddable":true,"href":"https:\/\/ladepeche.mr\/index.php?rest_route=%2Fwp%2Fv2%2Fcategories&post=5116"},{"taxonomy":"post_tag","embeddable":true,"href":"https:\/\/ladepeche.mr\/index.php?rest_route=%2Fwp%2Fv2%2Ftags&post=5116"}],"curies":[{"name":"wp","href":"https:\/\/api.w.org\/{rel}","templated":true}]}}