{"id":5130,"date":"2023-04-08T14:14:09","date_gmt":"2023-04-08T14:14:09","guid":{"rendered":"https:\/\/ladepeche.mr\/?p=5130"},"modified":"2023-04-08T19:04:41","modified_gmt":"2023-04-08T19:04:41","slug":"politique-elections-2023-va-t-on-vers-un-paysage-definitivement-eclate","status":"publish","type":"post","link":"https:\/\/ladepeche.mr\/?p=5130","title":{"rendered":"Politique-Elections 2023: Va-t-on vers un paysage d\u00e9finitivement \u00e9clat\u00e9?!"},"content":{"rendered":"<p>Le paysage politique est entrain de se recomposer. Accidentellement. Les \u00e9lections g\u00e9n\u00e9rales, marqu\u00e9e par une forte fronde contre le parti au pouvoir, s\u2019av\u00e8rent donc cruciales et d\u00e9terminantes pour le jeu politique la veille d\u2019une \u00e9lection pr\u00e9sidentielle qui ne devrait pas, sauf surprise, d\u00e9roger au statu quo ante. A en jauger par les premi\u00e8res manifestations pr\u00e9-\u00e9lectorales, l\u2019\u00e9miettement est total.<\/p>\n<p>Le compte \u00e0 rebours est d\u00e9j\u00e0 lanc\u00e9 pour ce qui est des futures consultations r\u00e9gionales, l\u00e9gislatives et municipales. Les candidatures pour \u00e9lire 176 d\u00e9put\u00e9s ne sont pas encore effectives. Mais au regard des listes d\u00e9j\u00e0 d\u00e9pos\u00e9es pour les municipales et les r\u00e9gionales, le microcosme politique semble bien \u00e9clat\u00e9 avec 25 partis en lice pour 145 listes candidates aux \u00e9lections r\u00e9gionales et 1324 listes pour les municipales. Ces derni\u00e8res expriment bien la cacophonie politique qui a suivi l\u2019annonce des couleurs par le parti au pouvoir \u00abEl Insaf\u00bb.<br \/>\nComme \u00e0 toute \u00e9lection, le parti au pouvoir a essuy\u00e9 un v\u00e9ritablement m\u00e9contentement avec l\u2019annonce de ses choix pour briguer le suffrage des \u00e9lecteurs. Mais jamais m\u00e9contentement n\u2019a atteint ce paroxysme et n\u2019a \u00e9t\u00e9 aussi r\u00e9pandu. Aucune r\u00e9gion n\u2019est \u00e9pargn\u00e9e. Mais est-ce suffisant pour \u00ab enterrer \u00bb l\u2019ours ? Il va certainement falloir beaucoup plus pour d\u00e9sar\u00e7onner le mammouth. \u00abEl Insaf \u00bb veut encore croire que ces annonces \u00abd\u2019indisciplines\u00bb n\u2019affectent en rien sa base et son aura parmi les populations. Mais c\u2019est assur\u00e9ment pris au s\u00e9rieux pour \u00e9viter, sinon, un affaiblissement, au pire, une d\u00e9route du parti au pouvoir qui vient de rappeler \u00e0 ses partenaires politiques de la Majorit\u00e9 de ne pas lui poser des b\u00e2tons dans les roues pour les \u00e9lections r\u00e9gionales. Une invite qu\u2019une partie de l\u2019opposition n\u2019a pas vue d\u2019un bon \u0153il. La sollicitation est somme toute normale dans un camp politique qui vit des concessions scell\u00e9es. Le seul hic est que \u00abEl Insaf \u00bb s\u2019y est peut-\u00eatre pris un peu trop tard perturbant le planning de ses partenaires. La rencontre du ministre de l\u2019int\u00e9rieur avec les repr\u00e9sentants des partis politiques en course a att\u00e9nu\u00e9 la suspicion, m\u00eame avec l\u2019opposition.<\/p>\n<p>La Majorit\u00e9 et l\u2019Opposition sauront-elles tirer profit de l\u2019ire contre \u00abEl Insaf\u00bb ?<br \/>\nAu regard du Ravel d\u00e9clin\u00e9 par la Commission \u00e9lectorale nationale ind\u00e9pendante, les \u00e9lecteurs inscrits sur les listes \u00e9lectorales font 1.758.784 personnes sur toute l\u2019\u00e9tendue du territoire national. Les \u00e9lections locales sont souvent l\u2019expression des desideratas de d\u00e9veloppement et de l\u2019exasp\u00e9ration des clivages tribaux ou f\u00e9odaux. Ces \u00e9lections ne vont pas d\u00e9roger \u00e0 la r\u00e8gle avec en toile de fonds la recherche par certains t\u00e9nors de la politique locale \u00e0 marquer leurs terrains. Les \u00e9lections municipales et r\u00e9gionales sont sensiblement identiques au moins sur l\u2019implosion de la force politique et sur le retour marqu\u00e9 sur sc\u00e8ne.<\/p>\n<p><img decoding=\"async\" src=\"http:\/\/http:\/\/ladepeche.mr\/wp-content\/uploads\/2023\/04\/Repartition-des-listes-candidates-pour-les-conseils-regionaux.png\" alt=\"R\u00e9partition par r\u00e9gion des listes candidates pour les conseils r\u00e9gionaux\" \/><\/p>\n<p>Prenons pour indicateur, les listes des municipales. Sur ce registre des listes d\u00e9pos\u00e9es pour les municipales, le Hodh Charghi avec 196 listes municipales pour les 31 communes et 197.179 personnes inscrites lors du dernier Ravel rivalise avec Nouakchott dont le r\u00e9servoir d\u00e9mographique est de 376.009 personnes inscrites pour les 3 wilayas. C\u2019est bien la preuve de l\u2019ire des ensembles tribaux dans cette r\u00e9gion. Il faut reconnaitre que les choix de \u00abEl Insaf \u00bb n\u2019ont pas toujours \u00e9t\u00e9 politiquement judicieux dans cette r\u00e9gion, fief du \u00ab makhzen\u00bb. Et c\u2019est encore proportionnellement pire \u00e0 Nouadhibou o\u00f9 avec seulement 64 885 inscrits au Ravel 2023, elles sont 45 listes \u00e0 croiser le fer dans les 6 mairies de la r\u00e9gion. Idem dans le centre du pays en Assaba o\u00f9 avec 164.480 inscrits, elles sont 112 listes en course pour les \u00e9lections municipales dans 24 communes. La m\u00eame r\u00e9alit\u00e9 se retrouve \u00e9galement vers le Sud du pays dans le Gorgol qui, avec 29 communes, 135.400 personnes inscrites sur la liste \u00e9lectorale, concentre 179 listes candidates pour cette \u00e9lection locale contre 166 listes candidates pour le Trarza qui, avec 230.564 personnes enregistr\u00e9es, enregistrement le plus grand nombre d\u2019inscrits sur toute l\u2019\u00e9tendue du territoire national.<br \/>\nOn le constate de visu. C\u2019est sans doute un \u00e9miettement jamais enregistr\u00e9 dans le pays pour une \u00e9lection. Il devrait normalement b\u00e9n\u00e9ficier, si l\u2019ire s\u2019exprime en fronde dans les urnes, soit \u00e0 la Majorit\u00e9 \u2013 et c\u2019est le plus plausible- car les \u00abbrebis\u00bb ne s\u2019\u00e9loignent pas trop du troupeau ; soit \u00e0 l\u2019opposition traditionnelle, cliniquement morte, et ce qui exprimerait une sanction d\u00e9lib\u00e9r\u00e9e contre le parti au pouvoir et fera renaitre cette force de ses cendres. Sinon, la descente en enfer sera encore plus dure pour la vieille garde de l\u2019Opposition au risque de voir les jeunes loups franchir un palier dans plus de repr\u00e9sentativit\u00e9. On assistera, sans doute, \u00e0 une carte politique redessin\u00e9e et s\u00e9rieusement marqu\u00e9e par les prochaines joutes politiques.<br \/>\nJD<\/p>\n","protected":false},"excerpt":{"rendered":"<p>Le paysage politique est entrain de se recomposer. Accidentellement. Les \u00e9lections g\u00e9n\u00e9rales, marqu\u00e9e par une forte fronde contre le parti au pouvoir, s\u2019av\u00e8rent donc cruciales et d\u00e9terminantes pour le jeu politique la veille d\u2019une \u00e9lection pr\u00e9sidentielle qui ne devrait pas, sauf surprise, d\u00e9roger au statu quo ante. A en jauger par les premi\u00e8res manifestations pr\u00e9-\u00e9lectorales, &hellip;<\/p>\n","protected":false},"author":2,"featured_media":5131,"comment_status":"open","ping_status":"open","sticky":false,"template":"","format":"standard","meta":{"footnotes":""},"categories":[18,30],"tags":[],"class_list":["post-5130","post","type-post","status-publish","format-standard","has-post-thumbnail","hentry","category-actualites","category-enquetes"],"_links":{"self":[{"href":"https:\/\/ladepeche.mr\/index.php?rest_route=\/wp\/v2\/posts\/5130","targetHints":{"allow":["GET"]}}],"collection":[{"href":"https:\/\/ladepeche.mr\/index.php?rest_route=\/wp\/v2\/posts"}],"about":[{"href":"https:\/\/ladepeche.mr\/index.php?rest_route=\/wp\/v2\/types\/post"}],"author":[{"embeddable":true,"href":"https:\/\/ladepeche.mr\/index.php?rest_route=\/wp\/v2\/users\/2"}],"replies":[{"embeddable":true,"href":"https:\/\/ladepeche.mr\/index.php?rest_route=%2Fwp%2Fv2%2Fcomments&post=5130"}],"version-history":[{"count":6,"href":"https:\/\/ladepeche.mr\/index.php?rest_route=\/wp\/v2\/posts\/5130\/revisions"}],"predecessor-version":[{"id":5141,"href":"https:\/\/ladepeche.mr\/index.php?rest_route=\/wp\/v2\/posts\/5130\/revisions\/5141"}],"wp:featuredmedia":[{"embeddable":true,"href":"https:\/\/ladepeche.mr\/index.php?rest_route=\/wp\/v2\/media\/5131"}],"wp:attachment":[{"href":"https:\/\/ladepeche.mr\/index.php?rest_route=%2Fwp%2Fv2%2Fmedia&parent=5130"}],"wp:term":[{"taxonomy":"category","embeddable":true,"href":"https:\/\/ladepeche.mr\/index.php?rest_route=%2Fwp%2Fv2%2Fcategories&post=5130"},{"taxonomy":"post_tag","embeddable":true,"href":"https:\/\/ladepeche.mr\/index.php?rest_route=%2Fwp%2Fv2%2Ftags&post=5130"}],"curies":[{"name":"wp","href":"https:\/\/api.w.org\/{rel}","templated":true}]}}