{"id":5145,"date":"2023-04-08T15:23:38","date_gmt":"2023-04-08T15:23:38","guid":{"rendered":"https:\/\/ladepeche.mr\/?p=5145"},"modified":"2023-04-08T15:24:37","modified_gmt":"2023-04-08T15:24:37","slug":"football-sans-surprise-ahmed-yahya-reelu-president-pour-4-ans-a-la-tete-de-la-ffrim","status":"publish","type":"post","link":"https:\/\/ladepeche.mr\/?p=5145","title":{"rendered":"Football: Sans surprise, Ahmed Yahya r\u00e9\u00e9lu \u00e0 la t\u00eate de la FFRIM pour 4 ans"},"content":{"rendered":"<p>Ahmed Yahya a \u00e9t\u00e9 \u00e9lu, sans surprise, vendredi pour un nouveau mandat de 4 ans -de 2023 \u00e0 2027- \u00e0 la t\u00eate de la F\u00e9d\u00e9ration de Football de la la R\u00e9publique Islamique de Mauritanie (FFRIM).<br \/>\nElu pour la premi\u00e8re fois \u00e0 34 ans \u00e0 la t\u00eate de la FFRIM, voil\u00e0 12 ans, Ahmed Yahya a, sans doute, malgr\u00e9 l&#8217;absence de la concurrence \u00e0 son \u00e9lection, un palmar\u00e8s enviable dont la qualifications des \u00e9quipes nationales aux trois \u00e9ditions du Championnat d\u2019Afrique des nations (CHAN) et deux fois \u00e0 la Coupe d\u2019Afrique des nations (CAN). Il s&#8217;est \u00e9galement investi dans les petites cat\u00e9gories pour favoriser le d\u00e9veloppement du sport \u00e0 la base. En un mot, il est parvenu en 12 ans \u00e0 sortir le football mauritanien de l&#8217;orni\u00e8re gr\u00e2ce \u00e0 ses relations et ses entr\u00e9es au sein de la Fifa et de la Caf dont il est devenu un acteur important sur le Continent.  Il rempile donc \u00e0 la t\u00eate d&#8217;un nouveau comit\u00e9 ex\u00e9cutif qui, except\u00e9 l&#8217;ascension de Aziz Boughirbal aux leviers de commandes, devenant le premier vice-pr\u00e9sident de la FFRIM, a surtout vu un r\u00e9ajustement permettant \u00e0 Massa Diarra de devenir deuxi\u00e8me vice-pr\u00e9sident alors que Boubacar Alpha Sy grimpe au poste de 3\u00e8me vice-pr\u00e9sident. Il s&#8217;agissait aussi de pourvoir au poste de vice-pr\u00e9sident laiss\u00e9 vacant par la disparition Pape Amghar Dieng lors du championnat d\u2019Afrique des locaux en Alg\u00e9rie.<\/p>\n<p>Le comit\u00e9 ex\u00e9cutif \u00e9lu se compose ainsi qu&#8217;il suit:<\/p>\n<p>Pr\u00e9sident : Ahmed Yahya<br \/>\nPremier Vice-Pr\u00e9sident : Abdel Aziz Boughourbal<br \/>\nDeuxi\u00e8me vice-pr\u00e9sident : Massa Diarra<br \/>\nTroisi\u00e8me vice-pr\u00e9sident : Boubacar Alpha Sy<\/p>\n<p>Les Membres sont:<br \/>\nKalidou Ba, Abdel Kader Dieng, Cheikhani Maouloud, Mohamed Vall Mohamed, Mohamed Saleck Rhina, Mohamed Lemine Salem Memmou, Mohamed Abdallahi Amar Salem, Mohamed Yahya Hamza, Mariem Tall, Aboubacry Soumar\u00e9, Ahmed Baya, Sidi Mohamed Atigh<\/p>\n<p>Membres Coopt\u00e9s : Souleymane Breihim et Mohamed Bouya Soueilem<\/p>\n","protected":false},"excerpt":{"rendered":"<p>Ahmed Yahya a \u00e9t\u00e9 \u00e9lu, sans surprise, vendredi pour un nouveau mandat de 4 ans -de 2023 \u00e0 2027- \u00e0 la t\u00eate de la F\u00e9d\u00e9ration de Football de la la R\u00e9publique Islamique de Mauritanie (FFRIM). Elu pour la premi\u00e8re fois \u00e0 34 ans \u00e0 la t\u00eate de la FFRIM, voil\u00e0 12 ans, Ahmed Yahya a, &hellip;<\/p>\n","protected":false},"author":2,"featured_media":5143,"comment_status":"open","ping_status":"open","sticky":false,"template":"","format":"standard","meta":{"footnotes":""},"categories":[18,17],"tags":[],"class_list":["post-5145","post","type-post","status-publish","format-standard","has-post-thumbnail","hentry","category-actualites","category-sports"],"_links":{"self":[{"href":"https:\/\/ladepeche.mr\/index.php?rest_route=\/wp\/v2\/posts\/5145","targetHints":{"allow":["GET"]}}],"collection":[{"href":"https:\/\/ladepeche.mr\/index.php?rest_route=\/wp\/v2\/posts"}],"about":[{"href":"https:\/\/ladepeche.mr\/index.php?rest_route=\/wp\/v2\/types\/post"}],"author":[{"embeddable":true,"href":"https:\/\/ladepeche.mr\/index.php?rest_route=\/wp\/v2\/users\/2"}],"replies":[{"embeddable":true,"href":"https:\/\/ladepeche.mr\/index.php?rest_route=%2Fwp%2Fv2%2Fcomments&post=5145"}],"version-history":[{"count":2,"href":"https:\/\/ladepeche.mr\/index.php?rest_route=\/wp\/v2\/posts\/5145\/revisions"}],"predecessor-version":[{"id":5148,"href":"https:\/\/ladepeche.mr\/index.php?rest_route=\/wp\/v2\/posts\/5145\/revisions\/5148"}],"wp:featuredmedia":[{"embeddable":true,"href":"https:\/\/ladepeche.mr\/index.php?rest_route=\/wp\/v2\/media\/5143"}],"wp:attachment":[{"href":"https:\/\/ladepeche.mr\/index.php?rest_route=%2Fwp%2Fv2%2Fmedia&parent=5145"}],"wp:term":[{"taxonomy":"category","embeddable":true,"href":"https:\/\/ladepeche.mr\/index.php?rest_route=%2Fwp%2Fv2%2Fcategories&post=5145"},{"taxonomy":"post_tag","embeddable":true,"href":"https:\/\/ladepeche.mr\/index.php?rest_route=%2Fwp%2Fv2%2Ftags&post=5145"}],"curies":[{"name":"wp","href":"https:\/\/api.w.org\/{rel}","templated":true}]}}