{"id":5149,"date":"2023-04-08T20:35:11","date_gmt":"2023-04-08T20:35:11","guid":{"rendered":"https:\/\/ladepeche.mr\/?p=5149"},"modified":"2023-04-09T00:37:58","modified_gmt":"2023-04-09T00:37:58","slug":"terrorisme-les-frontieres-limitrophes-du-mali-favorables-a-des-incursions-terroristes","status":"publish","type":"post","link":"https:\/\/ladepeche.mr\/?p=5149","title":{"rendered":"Mauritanie : Les fronti\u00e8res limitrophes du Mali favorables \u00e0 des incursions terroristes"},"content":{"rendered":"<p>\u00abLa situation au Sahel et en particulier au Mali voisin expose la Mauritanie \u00e0 des risques d\u2019infiltration de groupes terroristes, susceptibles de mener des actions (enl\u00e8vement, attentat) contre les int\u00e9r\u00eats et les ressortissants fran\u00e7ais \u00bb assure le quai d\u2019Orsay dans son dernier bulletin s\u00e9curitaire \u00e0 l\u2019endroit de ses ressortissants au Sahel.<br \/>\nSelon la situation \u00e9tablie, au 7 avril 2023, \u00ab la menace terroriste au Sahel demeure \u00e9lev\u00e9e \u00bb pr\u00e9cise-t-on de m\u00eame source o\u00f9 tous les pays saufs le Tchad et la Mauritanie, exception faite de ses fronti\u00e8res orientales, ont vir\u00e9 \u00e0 l\u2019alerte rouge pour les ressortissants occidentaux.<br \/>\nSelon les analyses s\u00e9curitaires fran\u00e7aises, \u00able risque d\u2019attentat et d\u2019enl\u00e8vement visant des Occidentaux est important dans la zone sah\u00e9lienne  (Burkina Faso, Mali, Mauritanie, Niger, Tchad) mais aussi dans les pays limitrophes\u00bb.<br \/>\nPour ces sources, \u00abl\u2019int\u00e9gralit\u00e9 des territoires du Mali, du Tchad, du Niger et du Burkina Faso, ainsi que la majorit\u00e9 du territoire de la Mauritanie sont \u00ab formellement d\u00e9conseill\u00e9es \u00bb aux ressortissants occidentaux et fran\u00e7ais notamment pour qui \u00ables risques av\u00e9r\u00e9s dans ces zones sont incompatibles avec le tourisme\u00bb rappelle les sp\u00e9cialistes s\u00e9curit\u00e9 du Quai d\u2019Orsay.<\/p>\n","protected":false},"excerpt":{"rendered":"<p>\u00abLa situation au Sahel et en particulier au Mali voisin expose la Mauritanie \u00e0 des risques d\u2019infiltration de groupes terroristes, susceptibles de mener des actions (enl\u00e8vement, attentat) contre les int\u00e9r\u00eats et les ressortissants fran\u00e7ais \u00bb assure le quai d\u2019Orsay dans son dernier bulletin s\u00e9curitaire \u00e0 l\u2019endroit de ses ressortissants au Sahel. Selon la situation \u00e9tablie, &hellip;<\/p>\n","protected":false},"author":2,"featured_media":5150,"comment_status":"open","ping_status":"open","sticky":false,"template":"","format":"standard","meta":{"footnotes":""},"categories":[18,28],"tags":[],"class_list":["post-5149","post","type-post","status-publish","format-standard","has-post-thumbnail","hentry","category-actualites","category-sahel"],"_links":{"self":[{"href":"https:\/\/ladepeche.mr\/index.php?rest_route=\/wp\/v2\/posts\/5149","targetHints":{"allow":["GET"]}}],"collection":[{"href":"https:\/\/ladepeche.mr\/index.php?rest_route=\/wp\/v2\/posts"}],"about":[{"href":"https:\/\/ladepeche.mr\/index.php?rest_route=\/wp\/v2\/types\/post"}],"author":[{"embeddable":true,"href":"https:\/\/ladepeche.mr\/index.php?rest_route=\/wp\/v2\/users\/2"}],"replies":[{"embeddable":true,"href":"https:\/\/ladepeche.mr\/index.php?rest_route=%2Fwp%2Fv2%2Fcomments&post=5149"}],"version-history":[{"count":2,"href":"https:\/\/ladepeche.mr\/index.php?rest_route=\/wp\/v2\/posts\/5149\/revisions"}],"predecessor-version":[{"id":5152,"href":"https:\/\/ladepeche.mr\/index.php?rest_route=\/wp\/v2\/posts\/5149\/revisions\/5152"}],"wp:featuredmedia":[{"embeddable":true,"href":"https:\/\/ladepeche.mr\/index.php?rest_route=\/wp\/v2\/media\/5150"}],"wp:attachment":[{"href":"https:\/\/ladepeche.mr\/index.php?rest_route=%2Fwp%2Fv2%2Fmedia&parent=5149"}],"wp:term":[{"taxonomy":"category","embeddable":true,"href":"https:\/\/ladepeche.mr\/index.php?rest_route=%2Fwp%2Fv2%2Fcategories&post=5149"},{"taxonomy":"post_tag","embeddable":true,"href":"https:\/\/ladepeche.mr\/index.php?rest_route=%2Fwp%2Fv2%2Ftags&post=5149"}],"curies":[{"name":"wp","href":"https:\/\/api.w.org\/{rel}","templated":true}]}}