{"id":5157,"date":"2023-04-09T23:46:22","date_gmt":"2023-04-09T23:46:22","guid":{"rendered":"https:\/\/ladepeche.mr\/?p=5157"},"modified":"2023-04-09T23:46:22","modified_gmt":"2023-04-09T23:46:22","slug":"le-president-de-la-republique-adresse-ses-condoleances-au-president-malien-suite-au-deces-de-son-pere","status":"publish","type":"post","link":"https:\/\/ladepeche.mr\/?p=5157","title":{"rendered":"Le Pr\u00e9sident de la R\u00e9publique adresse ses condol\u00e9ances au pr\u00e9sident malien, suite au d\u00e9c\u00e8s de son p\u00e8re"},"content":{"rendered":"<p>Le Pr\u00e9sident de la R\u00e9publique, Son Excellence Monsieur Mohamed Ould Cheikh El Ghazouani, a eu, dimanche une communication t\u00e9l\u00e9phonique avec son fr\u00e8re le pr\u00e9sident malien, le colonel Assimi Go\u00efta, au cours de la quelle il lui a pr\u00e9sent\u00e9 ses condol\u00e9ances et sa compassion, suite au d\u00e9c\u00e8s de son p\u00e8re, le capitaine \u00e0 la retraite Bacary Go\u00efta, aujourd\u2019hui \u00e0 l\u2019aube. Qu\u2019Allah l\u2019accueille dans Sont Vaste Paradis. Weinalillahi Weina illeihi Rajioune.<\/p>\n","protected":false},"excerpt":{"rendered":"<p>Le Pr\u00e9sident de la R\u00e9publique, Son Excellence Monsieur Mohamed Ould Cheikh El Ghazouani, a eu, dimanche une communication t\u00e9l\u00e9phonique avec son fr\u00e8re le pr\u00e9sident malien, le colonel Assimi Go\u00efta, au cours de la quelle il lui a pr\u00e9sent\u00e9 ses condol\u00e9ances et sa compassion, suite au d\u00e9c\u00e8s de son p\u00e8re, le capitaine \u00e0 la retraite Bacary &hellip;<\/p>\n","protected":false},"author":2,"featured_media":0,"comment_status":"open","ping_status":"open","sticky":false,"template":"","format":"standard","meta":{"footnotes":""},"categories":[18],"tags":[],"class_list":["post-5157","post","type-post","status-publish","format-standard","hentry","category-actualites"],"_links":{"self":[{"href":"https:\/\/ladepeche.mr\/index.php?rest_route=\/wp\/v2\/posts\/5157","targetHints":{"allow":["GET"]}}],"collection":[{"href":"https:\/\/ladepeche.mr\/index.php?rest_route=\/wp\/v2\/posts"}],"about":[{"href":"https:\/\/ladepeche.mr\/index.php?rest_route=\/wp\/v2\/types\/post"}],"author":[{"embeddable":true,"href":"https:\/\/ladepeche.mr\/index.php?rest_route=\/wp\/v2\/users\/2"}],"replies":[{"embeddable":true,"href":"https:\/\/ladepeche.mr\/index.php?rest_route=%2Fwp%2Fv2%2Fcomments&post=5157"}],"version-history":[{"count":1,"href":"https:\/\/ladepeche.mr\/index.php?rest_route=\/wp\/v2\/posts\/5157\/revisions"}],"predecessor-version":[{"id":5158,"href":"https:\/\/ladepeche.mr\/index.php?rest_route=\/wp\/v2\/posts\/5157\/revisions\/5158"}],"wp:attachment":[{"href":"https:\/\/ladepeche.mr\/index.php?rest_route=%2Fwp%2Fv2%2Fmedia&parent=5157"}],"wp:term":[{"taxonomy":"category","embeddable":true,"href":"https:\/\/ladepeche.mr\/index.php?rest_route=%2Fwp%2Fv2%2Fcategories&post=5157"},{"taxonomy":"post_tag","embeddable":true,"href":"https:\/\/ladepeche.mr\/index.php?rest_route=%2Fwp%2Fv2%2Ftags&post=5157"}],"curies":[{"name":"wp","href":"https:\/\/api.w.org\/{rel}","templated":true}]}}