{"id":5159,"date":"2023-04-09T23:50:22","date_gmt":"2023-04-09T23:50:22","guid":{"rendered":"https:\/\/ladepeche.mr\/?p=5159"},"modified":"2023-04-09T23:50:22","modified_gmt":"2023-04-09T23:50:22","slug":"le-ministre-de-la-sante-supervise-le-lancement-dune-campagne-de-don-de-sang","status":"publish","type":"post","link":"https:\/\/ladepeche.mr\/?p=5159","title":{"rendered":"Le ministre de la Sant\u00e9 supervise le lancement d\u2019une campagne de don de sang"},"content":{"rendered":"<p>Le ministre de la Sant\u00e9, M. Moctar Ould Dahi, a supervis\u00e9 vendredi, devant le Centre International des Congr\u00e8s de Nouakchott, le lancement d\u2019une campagne de don de sang, organis\u00e9e en coop\u00e9ration entre la Fondation de Cheikh Abdoullah Ben Boya et le Centre national de transfusion sanguine (CNTS).<\/p>\n<p>Dans un mot prononc\u00e9 \u00e0 cette occasion, le ministre a soulign\u00e9 l\u2019importance de la promotion de la culture du don de sang, et ce d\u2019autant plus que cette substance est l\u2019objet de p\u00e9nurie au niveau des h\u00f4pitaux.<\/p>\n<p>Il a appel\u00e9 les citoyens en g\u00e9n\u00e9ral et les jeunes en particulier \u00e0 donner leur sang et \u00e0 diffuser la culture du don de sang, afin que les banques de sang nationales disposent toujours du stock n\u00e9cessaire.<\/p>\n<p>Lors de sa supervision de la campagne, le ministre \u00e9tait accompagn\u00e9 du conseiller charg\u00e9 de l\u2019assurance maladie, du directeur g\u00e9n\u00e9ral de la Sant\u00e9 publique et du directeur du CNTS.<br \/>\nAmi<\/p>\n","protected":false},"excerpt":{"rendered":"<p>Le ministre de la Sant\u00e9, M. Moctar Ould Dahi, a supervis\u00e9 vendredi, devant le Centre International des Congr\u00e8s de Nouakchott, le lancement d\u2019une campagne de don de sang, organis\u00e9e en coop\u00e9ration entre la Fondation de Cheikh Abdoullah Ben Boya et le Centre national de transfusion sanguine (CNTS). Dans un mot prononc\u00e9 \u00e0 cette occasion, le &hellip;<\/p>\n","protected":false},"author":2,"featured_media":5160,"comment_status":"open","ping_status":"open","sticky":false,"template":"","format":"standard","meta":{"footnotes":""},"categories":[18,27],"tags":[],"class_list":["post-5159","post","type-post","status-publish","format-standard","has-post-thumbnail","hentry","category-actualites","category-sante"],"_links":{"self":[{"href":"https:\/\/ladepeche.mr\/index.php?rest_route=\/wp\/v2\/posts\/5159","targetHints":{"allow":["GET"]}}],"collection":[{"href":"https:\/\/ladepeche.mr\/index.php?rest_route=\/wp\/v2\/posts"}],"about":[{"href":"https:\/\/ladepeche.mr\/index.php?rest_route=\/wp\/v2\/types\/post"}],"author":[{"embeddable":true,"href":"https:\/\/ladepeche.mr\/index.php?rest_route=\/wp\/v2\/users\/2"}],"replies":[{"embeddable":true,"href":"https:\/\/ladepeche.mr\/index.php?rest_route=%2Fwp%2Fv2%2Fcomments&post=5159"}],"version-history":[{"count":1,"href":"https:\/\/ladepeche.mr\/index.php?rest_route=\/wp\/v2\/posts\/5159\/revisions"}],"predecessor-version":[{"id":5161,"href":"https:\/\/ladepeche.mr\/index.php?rest_route=\/wp\/v2\/posts\/5159\/revisions\/5161"}],"wp:featuredmedia":[{"embeddable":true,"href":"https:\/\/ladepeche.mr\/index.php?rest_route=\/wp\/v2\/media\/5160"}],"wp:attachment":[{"href":"https:\/\/ladepeche.mr\/index.php?rest_route=%2Fwp%2Fv2%2Fmedia&parent=5159"}],"wp:term":[{"taxonomy":"category","embeddable":true,"href":"https:\/\/ladepeche.mr\/index.php?rest_route=%2Fwp%2Fv2%2Fcategories&post=5159"},{"taxonomy":"post_tag","embeddable":true,"href":"https:\/\/ladepeche.mr\/index.php?rest_route=%2Fwp%2Fv2%2Ftags&post=5159"}],"curies":[{"name":"wp","href":"https:\/\/api.w.org\/{rel}","templated":true}]}}