{"id":5162,"date":"2023-04-09T23:54:00","date_gmt":"2023-04-09T23:54:00","guid":{"rendered":"https:\/\/ladepeche.mr\/?p=5162"},"modified":"2023-04-09T23:54:00","modified_gmt":"2023-04-09T23:54:00","slug":"le-parti-tawassoul-organise-une-soiree-iftar-en-memoire-de-la-grande-bataille-de-badr","status":"publish","type":"post","link":"https:\/\/ladepeche.mr\/?p=5162","title":{"rendered":"Le parti \u201cTawassoul\u201d organise une soir\u00e9e Iftar en m\u00e9moire de la Grande Bataille de Badr"},"content":{"rendered":"<p>Le parti du Rassemblement national pour la r\u00e9forme et le d\u00e9veloppement (Tawassoul) a organis\u00e9, samedi soir, Iftar \u00e0 Nouakchott en guise de comm\u00e9moration de la Grande Bataille de Badr qui a eu lieu en ce mois b\u00e9ni.<\/p>\n<p>La soir\u00e9e, \u00e0 laquelle ont particip\u00e9 un certain nombre de pr\u00e9sidents de partis politiques nationaux, a \u00e9t\u00e9 marqu\u00e9e par une conf\u00e9rence sur la Grande Bataille de Badr, qui a constitu\u00e9 un tournant majeur dans l\u2019histoire de l\u2019appel islamique.<\/p>\n<p>A cette occasion, le pr\u00e9sident du Parti Tawassoul, M. Hamadi Ould Sidi El Moctar, a indiqu\u00e9 que cet Iftar constitue une opportunit\u00e9 pour rencontrer tous les partenaires politiques du pays.<\/p>\n<p>Il a \u00e9galement soulign\u00e9 la n\u00e9cessit\u00e9 de l\u2019engagement du gouvernement \u00e0 une totale neutralit\u00e9 dans les \u00e9lections en vue de consolider le syst\u00e8me d\u00e9mocratique et de donner l\u2019espoir au citoyen, appelant les responsables du processus \u00e9lectoral \u00e0 appr\u00e9hender la grandeur de la confiance plac\u00e9e en eux et l\u2019ampleur de leur responsabilit\u00e9 envers le citoyen.<br \/>\nAmi<\/p>\n","protected":false},"excerpt":{"rendered":"<p>Le parti du Rassemblement national pour la r\u00e9forme et le d\u00e9veloppement (Tawassoul) a organis\u00e9, samedi soir, Iftar \u00e0 Nouakchott en guise de comm\u00e9moration de la Grande Bataille de Badr qui a eu lieu en ce mois b\u00e9ni. La soir\u00e9e, \u00e0 laquelle ont particip\u00e9 un certain nombre de pr\u00e9sidents de partis politiques nationaux, a \u00e9t\u00e9 marqu\u00e9e &hellip;<\/p>\n","protected":false},"author":2,"featured_media":5163,"comment_status":"open","ping_status":"open","sticky":false,"template":"","format":"standard","meta":{"footnotes":""},"categories":[18],"tags":[],"class_list":["post-5162","post","type-post","status-publish","format-standard","has-post-thumbnail","hentry","category-actualites"],"_links":{"self":[{"href":"https:\/\/ladepeche.mr\/index.php?rest_route=\/wp\/v2\/posts\/5162","targetHints":{"allow":["GET"]}}],"collection":[{"href":"https:\/\/ladepeche.mr\/index.php?rest_route=\/wp\/v2\/posts"}],"about":[{"href":"https:\/\/ladepeche.mr\/index.php?rest_route=\/wp\/v2\/types\/post"}],"author":[{"embeddable":true,"href":"https:\/\/ladepeche.mr\/index.php?rest_route=\/wp\/v2\/users\/2"}],"replies":[{"embeddable":true,"href":"https:\/\/ladepeche.mr\/index.php?rest_route=%2Fwp%2Fv2%2Fcomments&post=5162"}],"version-history":[{"count":1,"href":"https:\/\/ladepeche.mr\/index.php?rest_route=\/wp\/v2\/posts\/5162\/revisions"}],"predecessor-version":[{"id":5164,"href":"https:\/\/ladepeche.mr\/index.php?rest_route=\/wp\/v2\/posts\/5162\/revisions\/5164"}],"wp:featuredmedia":[{"embeddable":true,"href":"https:\/\/ladepeche.mr\/index.php?rest_route=\/wp\/v2\/media\/5163"}],"wp:attachment":[{"href":"https:\/\/ladepeche.mr\/index.php?rest_route=%2Fwp%2Fv2%2Fmedia&parent=5162"}],"wp:term":[{"taxonomy":"category","embeddable":true,"href":"https:\/\/ladepeche.mr\/index.php?rest_route=%2Fwp%2Fv2%2Fcategories&post=5162"},{"taxonomy":"post_tag","embeddable":true,"href":"https:\/\/ladepeche.mr\/index.php?rest_route=%2Fwp%2Fv2%2Ftags&post=5162"}],"curies":[{"name":"wp","href":"https:\/\/api.w.org\/{rel}","templated":true}]}}