{"id":5165,"date":"2023-04-10T21:47:21","date_gmt":"2023-04-10T21:47:21","guid":{"rendered":"https:\/\/ladepeche.mr\/?p=5165"},"modified":"2023-04-10T21:47:21","modified_gmt":"2023-04-10T21:47:21","slug":"temoignages-au-proces-aziz-et-cie-foncier-et-sommes-mirobolantes-en-devises","status":"publish","type":"post","link":"https:\/\/ladepeche.mr\/?p=5165","title":{"rendered":"T\u00e9moignages au proc\u00e8s Aziz et cie: Foncier et sommes mirobolantes en devises"},"content":{"rendered":"<p>Les t\u00e9moins \u00e0 charge ont ouvert, lundi, \u00e0 l\u2019occasion de la reprise hebdomadaire du proc\u00e8s de l\u2019ancien pr\u00e9sident Mohamed Ould Abdelaziz, le bal des accusations contre ce dernier. Accusations prof\u00e9r\u00e9es lors des assises du tribunal charg\u00e9 de statuer sur les chefs d\u2019accusation de corruption, de trafic d\u2019influence, de blanchiment d\u2019argent et d\u2019enrichissement illicite contre l\u2019ancien pr\u00e9sident et 10 autres coaccus\u00e9s.<br \/>\nLes qui embrassent l\u2019accaparement du domaine foncier (\u00e9cole de police et d\u00e9pendance du stade Olympique) mais aussi des sommes d\u2019argent mirobolantes en devises ou en euros dont l\u2019origine n\u2019est pas encore connue.<br \/>\nLes principaux accusateurs sont Ahmed Ould Bekrine, ancien Directeur g\u00e9n\u00e9ral de la Suret\u00e9 nationale et Bahay Ould Ghadda, cousin et homme d\u2019affaires de la place.<br \/>\nLe g\u00e9n\u00e9ral \u00e0 la retraite, Ahmed Ould Bekrine, ne parle que \u00abd\u2019instructions verbales de l&#8217;ancien pr\u00e9sident Mohamed Ould Abdel Aziz \u00bb lui ordonnant d\u2019\u00e9laguer une parcelle sur le domaine public de l&#8217;\u00e9cole de police dont il n\u2019aurait eu connaissance qu\u2019apr\u00e8s ce qui semble \u00eatre sa cession \u00e0 des particuliers. Pourtant, la presse et les r\u00e9seaux sociaux s\u2019\u00e9taient largement faits l\u2019\u00e9cho de cette coupe sur l\u2019\u00e9cole de police.<br \/>\nQuant au second accusateur, Bahay Ould Ghada de son vrai nom, Brahim, il n\u2019est pas all\u00e9 par quatre chemin pour r\u00e9v\u00e9ler que l\u2019ancien pr\u00e9sident lui avait confi\u00e9 une enveloppe de 7 milliards en devises (Usd et euros) et qu\u2019il en aurait sur instruction de l\u2019ancien pr\u00e9sident donn\u00e9  1milliard huit cents millions anciens \u00e0 un \u00ab ould Cherouk \u00bb charg\u00e9 de la construction d\u2019une clinique sise sur le terrain du stade Olympique de Nouakchott.<br \/>\nDes fonds que l\u2019ancien pr\u00e9sident aurait pris l\u2019habitude de lui confier depuis 2005.<\/p>\n","protected":false},"excerpt":{"rendered":"<p>Les t\u00e9moins \u00e0 charge ont ouvert, lundi, \u00e0 l\u2019occasion de la reprise hebdomadaire du proc\u00e8s de l\u2019ancien pr\u00e9sident Mohamed Ould Abdelaziz, le bal des accusations contre ce dernier. Accusations prof\u00e9r\u00e9es lors des assises du tribunal charg\u00e9 de statuer sur les chefs d\u2019accusation de corruption, de trafic d\u2019influence, de blanchiment d\u2019argent et d\u2019enrichissement illicite contre l\u2019ancien &hellip;<\/p>\n","protected":false},"author":2,"featured_media":5166,"comment_status":"open","ping_status":"open","sticky":false,"template":"","format":"standard","meta":{"footnotes":""},"categories":[18],"tags":[],"class_list":["post-5165","post","type-post","status-publish","format-standard","has-post-thumbnail","hentry","category-actualites"],"_links":{"self":[{"href":"https:\/\/ladepeche.mr\/index.php?rest_route=\/wp\/v2\/posts\/5165","targetHints":{"allow":["GET"]}}],"collection":[{"href":"https:\/\/ladepeche.mr\/index.php?rest_route=\/wp\/v2\/posts"}],"about":[{"href":"https:\/\/ladepeche.mr\/index.php?rest_route=\/wp\/v2\/types\/post"}],"author":[{"embeddable":true,"href":"https:\/\/ladepeche.mr\/index.php?rest_route=\/wp\/v2\/users\/2"}],"replies":[{"embeddable":true,"href":"https:\/\/ladepeche.mr\/index.php?rest_route=%2Fwp%2Fv2%2Fcomments&post=5165"}],"version-history":[{"count":1,"href":"https:\/\/ladepeche.mr\/index.php?rest_route=\/wp\/v2\/posts\/5165\/revisions"}],"predecessor-version":[{"id":5167,"href":"https:\/\/ladepeche.mr\/index.php?rest_route=\/wp\/v2\/posts\/5165\/revisions\/5167"}],"wp:featuredmedia":[{"embeddable":true,"href":"https:\/\/ladepeche.mr\/index.php?rest_route=\/wp\/v2\/media\/5166"}],"wp:attachment":[{"href":"https:\/\/ladepeche.mr\/index.php?rest_route=%2Fwp%2Fv2%2Fmedia&parent=5165"}],"wp:term":[{"taxonomy":"category","embeddable":true,"href":"https:\/\/ladepeche.mr\/index.php?rest_route=%2Fwp%2Fv2%2Fcategories&post=5165"},{"taxonomy":"post_tag","embeddable":true,"href":"https:\/\/ladepeche.mr\/index.php?rest_route=%2Fwp%2Fv2%2Ftags&post=5165"}],"curies":[{"name":"wp","href":"https:\/\/api.w.org\/{rel}","templated":true}]}}