{"id":5169,"date":"2023-04-10T22:25:14","date_gmt":"2023-04-10T22:25:14","guid":{"rendered":"https:\/\/ladepeche.mr\/?p=5169"},"modified":"2023-04-10T22:27:16","modified_gmt":"2023-04-10T22:27:16","slug":"politique-le-candidat-sawab-biram-dah-abeid-remet-en-cause-limpartialite-de-la-ceni","status":"publish","type":"post","link":"https:\/\/ladepeche.mr\/?p=5169","title":{"rendered":"Politique : Le candidat \u00ab Sawab \u00bb Biram Dah Abeid remet en cause l\u2019impartialit\u00e9 de la Ceni"},"content":{"rendered":"<p>Le pr\u00e9sident d\u2019Ira-Mauritanie, ancien d\u00e9put\u00e9, et candidat t\u00eate de liste de la liste nationale du parti \u00abSawab\u00bb a remis en cause l\u2019impartialit\u00e9 de la Commission \u00e9lectorale nationale ind\u00e9pendante (Ceni) l\u2019accusant d\u2019\u00eatre inf\u00e9od\u00e9e au pouvoir en place.<br \/>\nSelon le pr\u00e9sident d\u2019Ira-Mauritanie, la Ceni qui \u00e9tait le fruit d\u2019un combat d\u00e9mocratique en Mauritanie, est vid\u00e9e de son r\u00f4le car instrumentalis\u00e9e au profit d\u2019un camp politique a martel\u00e9 le candidat Biram Dah Abeid. Il a accus\u00e9 le r\u00e9gime et principalement le ministre de l\u2019int\u00e9rieur \u00ab de s\u2019en \u00eatre empar\u00e9e \u00bb.<br \/>\nEn d\u00e9pit des assurances sur la transparence du scrutin, le candidat Biram Dah Abeid a indiqu\u00e9 que le choix politique est de se faufiler par la moindre issue d\u00e9mocratique pour combattre \u00ab l\u2019h\u00e9g\u00e9monie et l\u2019arbitraire \u00bb.<\/p>\n","protected":false},"excerpt":{"rendered":"<p>Le pr\u00e9sident d\u2019Ira-Mauritanie, ancien d\u00e9put\u00e9, et candidat t\u00eate de liste de la liste nationale du parti \u00abSawab\u00bb a remis en cause l\u2019impartialit\u00e9 de la Commission \u00e9lectorale nationale ind\u00e9pendante (Ceni) l\u2019accusant d\u2019\u00eatre inf\u00e9od\u00e9e au pouvoir en place. Selon le pr\u00e9sident d\u2019Ira-Mauritanie, la Ceni qui \u00e9tait le fruit d\u2019un combat d\u00e9mocratique en Mauritanie, est vid\u00e9e de son &hellip;<\/p>\n","protected":false},"author":2,"featured_media":5171,"comment_status":"open","ping_status":"open","sticky":false,"template":"","format":"standard","meta":{"footnotes":""},"categories":[18],"tags":[],"class_list":["post-5169","post","type-post","status-publish","format-standard","has-post-thumbnail","hentry","category-actualites"],"_links":{"self":[{"href":"https:\/\/ladepeche.mr\/index.php?rest_route=\/wp\/v2\/posts\/5169","targetHints":{"allow":["GET"]}}],"collection":[{"href":"https:\/\/ladepeche.mr\/index.php?rest_route=\/wp\/v2\/posts"}],"about":[{"href":"https:\/\/ladepeche.mr\/index.php?rest_route=\/wp\/v2\/types\/post"}],"author":[{"embeddable":true,"href":"https:\/\/ladepeche.mr\/index.php?rest_route=\/wp\/v2\/users\/2"}],"replies":[{"embeddable":true,"href":"https:\/\/ladepeche.mr\/index.php?rest_route=%2Fwp%2Fv2%2Fcomments&post=5169"}],"version-history":[{"count":1,"href":"https:\/\/ladepeche.mr\/index.php?rest_route=\/wp\/v2\/posts\/5169\/revisions"}],"predecessor-version":[{"id":5170,"href":"https:\/\/ladepeche.mr\/index.php?rest_route=\/wp\/v2\/posts\/5169\/revisions\/5170"}],"wp:featuredmedia":[{"embeddable":true,"href":"https:\/\/ladepeche.mr\/index.php?rest_route=\/wp\/v2\/media\/5171"}],"wp:attachment":[{"href":"https:\/\/ladepeche.mr\/index.php?rest_route=%2Fwp%2Fv2%2Fmedia&parent=5169"}],"wp:term":[{"taxonomy":"category","embeddable":true,"href":"https:\/\/ladepeche.mr\/index.php?rest_route=%2Fwp%2Fv2%2Fcategories&post=5169"},{"taxonomy":"post_tag","embeddable":true,"href":"https:\/\/ladepeche.mr\/index.php?rest_route=%2Fwp%2Fv2%2Ftags&post=5169"}],"curies":[{"name":"wp","href":"https:\/\/api.w.org\/{rel}","templated":true}]}}