{"id":5179,"date":"2023-04-11T13:04:00","date_gmt":"2023-04-11T13:04:00","guid":{"rendered":"https:\/\/ladepeche.mr\/?p=5179"},"modified":"2023-04-11T13:07:00","modified_gmt":"2023-04-11T13:07:00","slug":"mauritanie-iftar-du-president-ghazouani-parmi-les-soldats-en-faction-a-la-frontiere-une-reponse-de-mobilisation-et-de-solidarite-contre-les-menaces-terroristes","status":"publish","type":"post","link":"https:\/\/ladepeche.mr\/?p=5179","title":{"rendered":"Mauritanie- Iftar du pr\u00e9sident Ghazouani parmi les soldats en faction \u00e0 la fronti\u00e8re, une r\u00e9ponse de mobilisation et de solidarit\u00e9 nationale"},"content":{"rendered":"<p>Le pr\u00e9sident de la R\u00e9publique, MOHAMED Ould Ghazouani, a pris lundi son iftar \u00e0 NBeikittt Lahwach avec les soldats mauritaniens en faction sur cette fronti\u00e8re \u00e0 plus 1200 kms de Nouakchott.<br \/>\nCette initiative premi\u00e8re du genre constitue un message de soutien et de solidarit\u00e9 avec les soldats mauritaniens qui veillent au respect et \u00e0 la s\u00e9curit\u00e9 de nos fronti\u00e8res les plus recul\u00e9es.<br \/>\nElle constitue \u00e9galement une r\u00e9ponse de mobilisation de la Mauritanie aux informations r\u00e9centes faisant \u00e9tat de menaces terroristes \u00e0 nos fronti\u00e8res.<br \/>\nAu cours de cet iftar, le pr\u00e9sident \u00e9tait accompagn\u00e9 du ministre de la defense nationale, Hanena Ould SIDI, et du gouverneur du Hodh Charghi. <\/p>\n","protected":false},"excerpt":{"rendered":"<p>Le pr\u00e9sident de la R\u00e9publique, MOHAMED Ould Ghazouani, a pris lundi son iftar \u00e0 NBeikittt Lahwach avec les soldats mauritaniens en faction sur cette fronti\u00e8re \u00e0 plus 1200 kms de Nouakchott. Cette initiative premi\u00e8re du genre constitue un message de soutien et de solidarit\u00e9 avec les soldats mauritaniens qui veillent au respect et \u00e0 la &hellip;<\/p>\n","protected":false},"author":2,"featured_media":5180,"comment_status":"open","ping_status":"open","sticky":false,"template":"","format":"standard","meta":{"footnotes":""},"categories":[18],"tags":[],"class_list":["post-5179","post","type-post","status-publish","format-standard","has-post-thumbnail","hentry","category-actualites"],"_links":{"self":[{"href":"https:\/\/ladepeche.mr\/index.php?rest_route=\/wp\/v2\/posts\/5179","targetHints":{"allow":["GET"]}}],"collection":[{"href":"https:\/\/ladepeche.mr\/index.php?rest_route=\/wp\/v2\/posts"}],"about":[{"href":"https:\/\/ladepeche.mr\/index.php?rest_route=\/wp\/v2\/types\/post"}],"author":[{"embeddable":true,"href":"https:\/\/ladepeche.mr\/index.php?rest_route=\/wp\/v2\/users\/2"}],"replies":[{"embeddable":true,"href":"https:\/\/ladepeche.mr\/index.php?rest_route=%2Fwp%2Fv2%2Fcomments&post=5179"}],"version-history":[{"count":3,"href":"https:\/\/ladepeche.mr\/index.php?rest_route=\/wp\/v2\/posts\/5179\/revisions"}],"predecessor-version":[{"id":5184,"href":"https:\/\/ladepeche.mr\/index.php?rest_route=\/wp\/v2\/posts\/5179\/revisions\/5184"}],"wp:featuredmedia":[{"embeddable":true,"href":"https:\/\/ladepeche.mr\/index.php?rest_route=\/wp\/v2\/media\/5180"}],"wp:attachment":[{"href":"https:\/\/ladepeche.mr\/index.php?rest_route=%2Fwp%2Fv2%2Fmedia&parent=5179"}],"wp:term":[{"taxonomy":"category","embeddable":true,"href":"https:\/\/ladepeche.mr\/index.php?rest_route=%2Fwp%2Fv2%2Fcategories&post=5179"},{"taxonomy":"post_tag","embeddable":true,"href":"https:\/\/ladepeche.mr\/index.php?rest_route=%2Fwp%2Fv2%2Ftags&post=5179"}],"curies":[{"name":"wp","href":"https:\/\/api.w.org\/{rel}","templated":true}]}}