{"id":5185,"date":"2023-04-11T20:16:22","date_gmt":"2023-04-11T20:16:22","guid":{"rendered":"https:\/\/ladepeche.mr\/?p=5185"},"modified":"2023-04-11T20:24:46","modified_gmt":"2023-04-11T20:24:46","slug":"une-note-declassifiee-de-la-cia-confirme-la-marocanite-du-sahara-oriental","status":"publish","type":"post","link":"https:\/\/ladepeche.mr\/?p=5185","title":{"rendered":"Une note d\u00e9classifi\u00e9e de la CIA confirme la marocanit\u00e9 du Sahara oriental"},"content":{"rendered":"<p>Un document d\u00e9classifi\u00e9 du renseignement am\u00e9ricain reconna\u00eet la souverainet\u00e9 marocaine sur le Sahara oriental s\u2019\u00e9tendant de Hassi Beida (province de B\u00e9char) jusqu\u2019\u00e0 la ville de Tinjoub (sud de Mhamid Ghizlane) et tient la France, l\u2019ancienne puissance coloniale, responsable du diff\u00e9rend territorial entre le Maroc et l\u2019Alg\u00e9rie, a rapport\u00e9 North Africa Post.<\/p>\n<p>Le m\u00e9dia North Africa Post a rapport\u00e9 qu\u2019un m\u00e9mo d\u00e9classifi\u00e9 par la Central Intelligence Agency (CIA) en 2004 a fait allusion de la position juridique et les droits historiques du Maroc pour la lib\u00e9ration des derniers territoires sahariens occup\u00e9s ill\u00e9galement annex\u00e9s pendant l\u2019Alg\u00e9rie fran\u00e7aise au d\u00e9triment du Maroc.<\/p>\n<p>Selon le r\u00e9seaut\u00e9 m\u00e9dia, le document officiel am\u00e9ricain d\u00e9classifi\u00e9 met en lumi\u00e8re la \u00ab guerre des sables \u00bb qui \u00e9clata en octobre 1963 entre les deux pays voisins (le Maroc et l\u2019Alg\u00e9rie nouvellement ind\u00e9pendante), soulignant que le tron\u00e7on sud-saharien de la fronti\u00e8re maroco-alg\u00e9rienne de Figuig jusqu\u2019au Le Sahara n\u2019a jamais \u00e9t\u00e9 d\u00e9limit\u00e9. Cela signifie que Washington tient la France pour responsable des probl\u00e8mes frontaliers enchev\u00eatr\u00e9s dans la r\u00e9gion, rappelle la source.<\/p>\n<p>Pendant l\u2019administration fran\u00e7aise du Maroc et de l\u2019Alg\u00e9rie, les red\u00e9finitions successives de la ligne administrative s\u00e9parant le Maroc de la juridiction alg\u00e9rienne fran\u00e7aise ont favoris\u00e9 l\u2019Alg\u00e9rie, qui faisait l\u00e9galement partie de la France, alors que le Maroc n\u2019\u00e9tait qu\u2019un protectorat, indique le document de la CIA.<\/p>\n<p>Apr\u00e8s avoir acc\u00e9d\u00e9 \u00e0 l\u2019ind\u00e9pendance en 1956, les Marocains ont soulev\u00e9 la question de la r\u00e9cup\u00e9ration de leurs territoires sahariens annex\u00e9s \u00e0 l\u2019\u00e9poque de l\u2019Alg\u00e9rie fran\u00e7aise, ajoute la note de service des services de renseignement am\u00e9ricains.<\/p>\n<p>En 1958, alors que les rebelles alg\u00e9riens op\u00e9raient dans la zone saharienne, la France et le Maroc \u00ab se sont mis d\u2019accord de mani\u00e8re informelle \u00bb sur des zones op\u00e9rationnelles respectives afin d\u2019\u00e9viter des affrontements entre leurs forces.<\/p>\n<p>En vertu de cet accord informel, les Fran\u00e7ais ont \u00e9tendu leur occupation au nord et \u00e0 l\u2019ouest des lignes pr\u00e9c\u00e9dentes, mais la nouvelle ligne n\u2019a re\u00e7u aucun statut juridique, souligne le document de la CIA.<\/p>\n<p>\u00ab Cette ligne est pourtant adopt\u00e9e par les Alg\u00e9riens. Les Marocains insistent sur le fait que la v\u00e9ritable fronti\u00e8re est une ligne ant\u00e9rieure, qui place les postes de Hassi Beida et Tinjoub au Maroc. Ces postes sont importants car ils se trouvent sur la principale piste caravani\u00e8re reliant Colomb-B\u00e9char et Tindouf \u00bb, r\u00e9v\u00e8le le document am\u00e9ricain.<\/p>\n<p>La note de la CIA cite un accord conclu en 1961 entre feu le roi Hassan II et Ferhat Abbas, alors Premier ministre du gouvernement provisoire alg\u00e9rien, pour r\u00e9cup\u00e9rer le Sahara oriental marocain, mais les dirigeants alg\u00e9riens ont rompu leur promesse. Ils ont trahi les Marocains qui les ont soutenus pendant leur guerre d\u2019ind\u00e9pendance. Ils ont refus\u00e9 de restituer les territoires sahariens marocains, pr\u00e9f\u00e9rant s\u2019en tenir aux fronti\u00e8res coloniales h\u00e9rit\u00e9es. <\/p>\n<blockquote class=\"wp-embedded-content\" data-secret=\"EIauV332Xy\"><p><a href=\"https:\/\/maroc-diplomatique.net\/une-note-declassifiee-de-la-cia-confirme-la-marocanite-du-sahara-oriental\/\">Une note d\u00e9classifi\u00e9e de la CIA confirme la marocanit\u00e9 du Sahara oriental<\/a><\/p><\/blockquote>\n<p><iframe loading=\"lazy\" class=\"wp-embedded-content\" sandbox=\"allow-scripts\" security=\"restricted\" style=\"position: absolute; clip: rect(1px, 1px, 1px, 1px);\" title=\"\u00ab\u00a0Une note d\u00e9classifi\u00e9e de la CIA confirme la marocanit\u00e9 du Sahara oriental\u00a0\u00bb &#8212; Maroc Diplomatique\" src=\"https:\/\/maroc-diplomatique.net\/une-note-declassifiee-de-la-cia-confirme-la-marocanite-du-sahara-oriental\/embed\/#?secret=PIDkqPyvrw#?secret=EIauV332Xy\" data-secret=\"EIauV332Xy\" width=\"500\" height=\"282\" frameborder=\"0\" marginwidth=\"0\" marginheight=\"0\" scrolling=\"no\"><\/iframe><\/p>\n","protected":false},"excerpt":{"rendered":"<p>Un document d\u00e9classifi\u00e9 du renseignement am\u00e9ricain reconna\u00eet la souverainet\u00e9 marocaine sur le Sahara oriental s\u2019\u00e9tendant de Hassi Beida (province de B\u00e9char) jusqu\u2019\u00e0 la ville de Tinjoub (sud de Mhamid Ghizlane) et tient la France, l\u2019ancienne puissance coloniale, responsable du diff\u00e9rend territorial entre le Maroc et l\u2019Alg\u00e9rie, a rapport\u00e9 North Africa Post. Le m\u00e9dia North Africa &hellip;<\/p>\n","protected":false},"author":2,"featured_media":5187,"comment_status":"open","ping_status":"open","sticky":false,"template":"","format":"standard","meta":{"footnotes":""},"categories":[18,29],"tags":[],"class_list":["post-5185","post","type-post","status-publish","format-standard","has-post-thumbnail","hentry","category-actualites","category-monde"],"_links":{"self":[{"href":"https:\/\/ladepeche.mr\/index.php?rest_route=\/wp\/v2\/posts\/5185","targetHints":{"allow":["GET"]}}],"collection":[{"href":"https:\/\/ladepeche.mr\/index.php?rest_route=\/wp\/v2\/posts"}],"about":[{"href":"https:\/\/ladepeche.mr\/index.php?rest_route=\/wp\/v2\/types\/post"}],"author":[{"embeddable":true,"href":"https:\/\/ladepeche.mr\/index.php?rest_route=\/wp\/v2\/users\/2"}],"replies":[{"embeddable":true,"href":"https:\/\/ladepeche.mr\/index.php?rest_route=%2Fwp%2Fv2%2Fcomments&post=5185"}],"version-history":[{"count":3,"href":"https:\/\/ladepeche.mr\/index.php?rest_route=\/wp\/v2\/posts\/5185\/revisions"}],"predecessor-version":[{"id":5190,"href":"https:\/\/ladepeche.mr\/index.php?rest_route=\/wp\/v2\/posts\/5185\/revisions\/5190"}],"wp:featuredmedia":[{"embeddable":true,"href":"https:\/\/ladepeche.mr\/index.php?rest_route=\/wp\/v2\/media\/5187"}],"wp:attachment":[{"href":"https:\/\/ladepeche.mr\/index.php?rest_route=%2Fwp%2Fv2%2Fmedia&parent=5185"}],"wp:term":[{"taxonomy":"category","embeddable":true,"href":"https:\/\/ladepeche.mr\/index.php?rest_route=%2Fwp%2Fv2%2Fcategories&post=5185"},{"taxonomy":"post_tag","embeddable":true,"href":"https:\/\/ladepeche.mr\/index.php?rest_route=%2Fwp%2Fv2%2Ftags&post=5185"}],"curies":[{"name":"wp","href":"https:\/\/api.w.org\/{rel}","templated":true}]}}