{"id":5205,"date":"2023-04-13T23:32:52","date_gmt":"2023-04-13T23:32:52","guid":{"rendered":"https:\/\/ladepeche.mr\/?p=5205"},"modified":"2023-04-13T23:34:01","modified_gmt":"2023-04-13T23:34:01","slug":"economie-lapim-eclaire-de-deux-bougies-son-bilan","status":"publish","type":"post","link":"https:\/\/ladepeche.mr\/?p=5205","title":{"rendered":"Economie : L\u2019APIM \u00e9claire son bilan de deux bougies"},"content":{"rendered":"<p>Le bilan de l\u2019Agence de Promotion des Investissements en Mauritanie (APIM) est source de fiert\u00e9 pour ses pr\u00e9curseurs. Deux ans au cours desquels l\u2019APIM se frayait son chemin parmi les institutions nationales pour promouvoir la destination du pays et ainsi accrocher les investissements directs \u00e9trangers. La moisson est tout simplement exceptionnelle : plus d\u2019un milliard Usd d\u2019investissements, hors secteur d\u2019\u00e9nergie, 22.000 opportunit\u00e9s d\u2019emplois et 10.000 entreprises r\u00e9pertori\u00e9es au Guichet Unique.<br \/>\nCe bilan est le r\u00e9sultat d\u2019un travail acharn\u00e9 d\u2019une \u00e9quipe soud\u00e9e et emmen\u00e9e, en toute modestie, par le dynamisme de notre compatriote, Aissata Lam. F\u00e9licitations \u00e0 tous.<\/p>\n","protected":false},"excerpt":{"rendered":"<p>Le bilan de l\u2019Agence de Promotion des Investissements en Mauritanie (APIM) est source de fiert\u00e9 pour ses pr\u00e9curseurs. Deux ans au cours desquels l\u2019APIM se frayait son chemin parmi les institutions nationales pour promouvoir la destination du pays et ainsi accrocher les investissements directs \u00e9trangers. La moisson est tout simplement exceptionnelle : plus d\u2019un milliard &hellip;<\/p>\n","protected":false},"author":2,"featured_media":5206,"comment_status":"open","ping_status":"open","sticky":false,"template":"","format":"standard","meta":{"footnotes":""},"categories":[2,25],"tags":[],"class_list":["post-5205","post","type-post","status-publish","format-standard","has-post-thumbnail","hentry","category-economie","category-en-forme"],"_links":{"self":[{"href":"https:\/\/ladepeche.mr\/index.php?rest_route=\/wp\/v2\/posts\/5205","targetHints":{"allow":["GET"]}}],"collection":[{"href":"https:\/\/ladepeche.mr\/index.php?rest_route=\/wp\/v2\/posts"}],"about":[{"href":"https:\/\/ladepeche.mr\/index.php?rest_route=\/wp\/v2\/types\/post"}],"author":[{"embeddable":true,"href":"https:\/\/ladepeche.mr\/index.php?rest_route=\/wp\/v2\/users\/2"}],"replies":[{"embeddable":true,"href":"https:\/\/ladepeche.mr\/index.php?rest_route=%2Fwp%2Fv2%2Fcomments&post=5205"}],"version-history":[{"count":2,"href":"https:\/\/ladepeche.mr\/index.php?rest_route=\/wp\/v2\/posts\/5205\/revisions"}],"predecessor-version":[{"id":5208,"href":"https:\/\/ladepeche.mr\/index.php?rest_route=\/wp\/v2\/posts\/5205\/revisions\/5208"}],"wp:featuredmedia":[{"embeddable":true,"href":"https:\/\/ladepeche.mr\/index.php?rest_route=\/wp\/v2\/media\/5206"}],"wp:attachment":[{"href":"https:\/\/ladepeche.mr\/index.php?rest_route=%2Fwp%2Fv2%2Fmedia&parent=5205"}],"wp:term":[{"taxonomy":"category","embeddable":true,"href":"https:\/\/ladepeche.mr\/index.php?rest_route=%2Fwp%2Fv2%2Fcategories&post=5205"},{"taxonomy":"post_tag","embeddable":true,"href":"https:\/\/ladepeche.mr\/index.php?rest_route=%2Fwp%2Fv2%2Ftags&post=5205"}],"curies":[{"name":"wp","href":"https:\/\/api.w.org\/{rel}","templated":true}]}}