{"id":5213,"date":"2023-04-14T23:15:43","date_gmt":"2023-04-14T23:15:43","guid":{"rendered":"https:\/\/ladepeche.mr\/?p=5213"},"modified":"2023-04-14T23:19:02","modified_gmt":"2023-04-14T23:19:02","slug":"politique-elections-el-insaf-rend-publiques-ces-commissions-de-campagne-electorale","status":"publish","type":"post","link":"https:\/\/ladepeche.mr\/?p=5213","title":{"rendered":"Politique-Elections: &#8220;El Insaf&#8221; rend publiques ces commissions de campagne \u00e9lectorale"},"content":{"rendered":"<p>Avec la fin, jeudi \u00e0 00h, du d\u00e9lai l\u00e9gal imparti pour le d\u00e9p\u00f4t de candidatures pour les \u00e9lections g\u00e9n\u00e9rales du 13 mai 2023, le parti \u00abEl Insaf \u00bb a rendu publiques les commissions charg\u00e9es de sa campagne \u00e9lectorale d\u00e9nomm\u00e9e \u00abinstances sup\u00e9rieures de coordination de la campagne pour les \u00e9lections l\u00e9gislatives, r\u00e9gionales et communales de 2023 \u00bb.<br \/>\nCes instances sup\u00e9rieures, qui entrent en jeu le 11 mai avec l&#8217;ouverture de la campagne \u00e9lectorale dans le pays, sont marqu\u00e9es par l\u2019implication profonde du gouvernement avec le choix de plusieurs ministres ou conseillers pour pr\u00e9sider \u00e0 \u00ab la bonne marche \u00bb de la campagne \u00e9lectorale dans certaines circonscriptions. Il y a \u00e9galement plusieurs directeurs d\u2019institutions publiques qui ont \u00e9t\u00e9 responsabilis\u00e9s pour faire le plein de voix au premier tour de l\u2019\u00e9lection le 13 mai prochain. Cette implication des fonctionnaires devrait aussi palier les \u00abd\u00e9fections \u00bb de personnalit\u00e9s m\u00e9contentes par les investitures du parti.<br \/>\nNotons \u00e9galement, \u00e0 ce sujet, le choix port\u00e9 par le parti au pouvoir sur les artisans de la victoire du pr\u00e9sident Ghazouani lors de son \u00e9lection en 2019 \u00e0 savoir Sid\u2019Ahmed Ould Raiss, pr\u00e9sident de la commission centrale des finances, Bouceif Ould Sid\u2019Ahmed, \u00e0 la t\u00eate de la commission centrale des op\u00e9rations \u00e9lectorales ou encore l\u2019inamovible, Mokhtar Ould Diaye, choisi comme coordinateur de la campagne dans le melting-pot que constitue Nouakchott.<br \/>\nNotons que ces \u00e9lections concernent l\u2019\u00e9lection de 176 d\u00e9put\u00e9s, 216 conseils communaux et 13 conseils r\u00e9gionaux.<\/p>\n","protected":false},"excerpt":{"rendered":"<p>Avec la fin, jeudi \u00e0 00h, du d\u00e9lai l\u00e9gal imparti pour le d\u00e9p\u00f4t de candidatures pour les \u00e9lections g\u00e9n\u00e9rales du 13 mai 2023, le parti \u00abEl Insaf \u00bb a rendu publiques les commissions charg\u00e9es de sa campagne \u00e9lectorale d\u00e9nomm\u00e9e \u00abinstances sup\u00e9rieures de coordination de la campagne pour les \u00e9lections l\u00e9gislatives, r\u00e9gionales et communales de 2023 &hellip;<\/p>\n","protected":false},"author":2,"featured_media":3953,"comment_status":"open","ping_status":"open","sticky":false,"template":"","format":"standard","meta":{"footnotes":""},"categories":[18],"tags":[],"class_list":["post-5213","post","type-post","status-publish","format-standard","has-post-thumbnail","hentry","category-actualites"],"_links":{"self":[{"href":"https:\/\/ladepeche.mr\/index.php?rest_route=\/wp\/v2\/posts\/5213","targetHints":{"allow":["GET"]}}],"collection":[{"href":"https:\/\/ladepeche.mr\/index.php?rest_route=\/wp\/v2\/posts"}],"about":[{"href":"https:\/\/ladepeche.mr\/index.php?rest_route=\/wp\/v2\/types\/post"}],"author":[{"embeddable":true,"href":"https:\/\/ladepeche.mr\/index.php?rest_route=\/wp\/v2\/users\/2"}],"replies":[{"embeddable":true,"href":"https:\/\/ladepeche.mr\/index.php?rest_route=%2Fwp%2Fv2%2Fcomments&post=5213"}],"version-history":[{"count":4,"href":"https:\/\/ladepeche.mr\/index.php?rest_route=\/wp\/v2\/posts\/5213\/revisions"}],"predecessor-version":[{"id":5217,"href":"https:\/\/ladepeche.mr\/index.php?rest_route=\/wp\/v2\/posts\/5213\/revisions\/5217"}],"wp:featuredmedia":[{"embeddable":true,"href":"https:\/\/ladepeche.mr\/index.php?rest_route=\/wp\/v2\/media\/3953"}],"wp:attachment":[{"href":"https:\/\/ladepeche.mr\/index.php?rest_route=%2Fwp%2Fv2%2Fmedia&parent=5213"}],"wp:term":[{"taxonomy":"category","embeddable":true,"href":"https:\/\/ladepeche.mr\/index.php?rest_route=%2Fwp%2Fv2%2Fcategories&post=5213"},{"taxonomy":"post_tag","embeddable":true,"href":"https:\/\/ladepeche.mr\/index.php?rest_route=%2Fwp%2Fv2%2Ftags&post=5213"}],"curies":[{"name":"wp","href":"https:\/\/api.w.org\/{rel}","templated":true}]}}