{"id":5219,"date":"2023-04-15T01:33:59","date_gmt":"2023-04-15T01:33:59","guid":{"rendered":"https:\/\/ladepeche.mr\/?p=5219"},"modified":"2023-04-15T01:33:59","modified_gmt":"2023-04-15T01:33:59","slug":"rim-fmi-bm-la-delegation-de-notre-pays-a-washington-rencontre-le-vice-president-de-la-bm-et-le-president-de-la-bei","status":"publish","type":"post","link":"https:\/\/ladepeche.mr\/?p=5219","title":{"rendered":"RIM-FMI- BM- La d\u00e9l\u00e9gation de notre pays \u00e0 Washington rencontre le vice-pr\u00e9sident de la BM et le pr\u00e9sident de la Bei"},"content":{"rendered":"<p>La d\u00e9l\u00e9gation de notre pays \u00e0 Washington, comprenant les ministres des Affaires \u00e9conomiques et des Finances et le Gouverneur de la Banque centrale, a eu d\u2019intenses activit\u00e9s ces derniers jours \u00e0 l\u2019occasion de la tenue des r\u00e9unions du printemps du FMI et de la BM \u00e0  Washington.<\/p>\n<p>Ainsi, elle a tenu tenu jeudi, une s\u00e9ance d&#8217;entretien avec le vice-pr\u00e9sident de la Banque mondiale en charge de l&#8217;Afrique, Ousmane Diagana, entour\u00e9 de ses collaborateurs. Elle en organis\u00e9e une autre dans la foul\u00e9e tenu  avec le Pr\u00e9sident de la Banque Europ\u00e9enne d&#8217;Investissement (BEI), Dr. Werner Hoyer.<\/p>\n<p>Avec notre compatriote O. Diagana, les  \u00e9changes ont port\u00e9 sur les diff\u00e9rents dossiers d&#8217;int\u00e9r\u00eat commun,  les moyens de d\u00e9veloppement des relations de partenariat liant notre pays \u00e0 la Banque mondiale,  les m\u00e9canisme de renforcement des financements ainsi que le portefeuille de projets programm\u00e9s dans le cadre de la coop\u00e9ration entre les deux parties.<br \/>\nS\u2019agissant de la r\u00e9union avec le pr\u00e9sident de la BEI,  l&#8217;examen des dossiers de coop\u00e9ration a port\u00e9 sur le financement du projet de la  ligne \u00e9lectrique \u00e0 haute tension reliant Nouakchott et N\u00e9ma, via le r\u00e9seau d&#8217;interconnexion \u00e9lectrique de l&#8217;OMVS. Un projet qui devra conna\u00eetre incessamment une table-ronde des bailleurs de fonds pour en boucler le financement.<br \/>\n(Avec communiqu\u00e9s MAEPSP<\/p>\n","protected":false},"excerpt":{"rendered":"<p>La d\u00e9l\u00e9gation de notre pays \u00e0 Washington, comprenant les ministres des Affaires \u00e9conomiques et des Finances et le Gouverneur de la Banque centrale, a eu d\u2019intenses activit\u00e9s ces derniers jours \u00e0 l\u2019occasion de la tenue des r\u00e9unions du printemps du FMI et de la BM \u00e0 Washington. Ainsi, elle a tenu tenu jeudi, une s\u00e9ance &hellip;<\/p>\n","protected":false},"author":2,"featured_media":5221,"comment_status":"open","ping_status":"open","sticky":false,"template":"","format":"standard","meta":{"footnotes":""},"categories":[18,2,29],"tags":[],"class_list":["post-5219","post","type-post","status-publish","format-standard","has-post-thumbnail","hentry","category-actualites","category-economie","category-monde"],"_links":{"self":[{"href":"https:\/\/ladepeche.mr\/index.php?rest_route=\/wp\/v2\/posts\/5219","targetHints":{"allow":["GET"]}}],"collection":[{"href":"https:\/\/ladepeche.mr\/index.php?rest_route=\/wp\/v2\/posts"}],"about":[{"href":"https:\/\/ladepeche.mr\/index.php?rest_route=\/wp\/v2\/types\/post"}],"author":[{"embeddable":true,"href":"https:\/\/ladepeche.mr\/index.php?rest_route=\/wp\/v2\/users\/2"}],"replies":[{"embeddable":true,"href":"https:\/\/ladepeche.mr\/index.php?rest_route=%2Fwp%2Fv2%2Fcomments&post=5219"}],"version-history":[{"count":1,"href":"https:\/\/ladepeche.mr\/index.php?rest_route=\/wp\/v2\/posts\/5219\/revisions"}],"predecessor-version":[{"id":5220,"href":"https:\/\/ladepeche.mr\/index.php?rest_route=\/wp\/v2\/posts\/5219\/revisions\/5220"}],"wp:featuredmedia":[{"embeddable":true,"href":"https:\/\/ladepeche.mr\/index.php?rest_route=\/wp\/v2\/media\/5221"}],"wp:attachment":[{"href":"https:\/\/ladepeche.mr\/index.php?rest_route=%2Fwp%2Fv2%2Fmedia&parent=5219"}],"wp:term":[{"taxonomy":"category","embeddable":true,"href":"https:\/\/ladepeche.mr\/index.php?rest_route=%2Fwp%2Fv2%2Fcategories&post=5219"},{"taxonomy":"post_tag","embeddable":true,"href":"https:\/\/ladepeche.mr\/index.php?rest_route=%2Fwp%2Fv2%2Ftags&post=5219"}],"curies":[{"name":"wp","href":"https:\/\/api.w.org\/{rel}","templated":true}]}}