{"id":5223,"date":"2023-04-15T13:55:21","date_gmt":"2023-04-15T13:55:21","guid":{"rendered":"https:\/\/ladepeche.mr\/?p=5223"},"modified":"2023-04-15T13:55:21","modified_gmt":"2023-04-15T13:55:21","slug":"politique-mohamed-ould-meguett-general-a-la-retraite-pressenti-a-la-presidence-de-lan-rattrape-par-des-accusations-du-fonadh","status":"publish","type":"post","link":"https:\/\/ladepeche.mr\/?p=5223","title":{"rendered":"Politique: Mohamed Ould Meguett, g\u00e9n\u00e9ral \u00e0 la retraite pressenti \u00e0 la pr\u00e9sidence de l\u2019AN rattrap\u00e9 par des accusations du Fonadh"},"content":{"rendered":"<p>L\u2019ex-patron de la DGSN, et g\u00e9n\u00e9ral \u00e0 la retraite, Mohamed Ould Meguett, port\u00e9 candidat par le parti \u00abEl Insaf\u00a0\u00bb, au pouvoir, comme t\u00eate de liste sur sa liste nationale \u00e0 la d\u00e9putation fait l\u2019objet d\u2019accusations de violations de droits de l\u2019homme port\u00e9es contre lui par le Fonadh (forum des organisations nationales des droits de l\u2019Homme).<\/p>\n<p>Dans un communiqu\u00e9 diffus\u00e9 pour la circonstance, le 12 avril 2023, le Fonadh, r\u00e9clame le retrait de la candidature de Mohamed Ould Meguett qui, selon lui, ferait partie des pr\u00e9sum\u00e9s responsables de violations de droits de l\u2019Homme contre des militaires negro-africains lors des purges des ann\u00e9es 1990, suite \u00e0 leur accusation de tentative ethnique de d\u00e9stabilisation par l\u2019ancien r\u00e9gime du pr\u00e9sident Maouiya Ould Sid\u2019Ahmed Taya, vivant aujourd\u2019hui en exil au Qatar.<br \/>\nLe Fonadh estime, par ailleurs, que l\u2019investiture du g\u00e9n\u00e9ral \u00e0 la retraite \u00ab\u00a0consacre aux yeux de toutes les personnes \u00e9prises de paix et de justice, l\u2019impunit\u00e9, le m\u00e9pris des victimes, des ayants droits et de leurs familles.\u00a0\u00bb. Fin de citation.<br \/>\nAucune r\u00e9action de la part du parti \u00abEl Insaf\u00a0\u00bb , ni du c\u00f4t\u00e9 du principal int\u00e9ress\u00e9, n\u2019a \u00e9t\u00e9 faite suite \u00e0 ces accusations contre cette investiture de l\u2019ancien g\u00e9n\u00e9ral, pressenti, en cas de victoire, au poste de pr\u00e9sident de l\u2019Assembl\u00e9e nationale.<\/p>\n<p>Une loi d\u2019amnistie li\u00e9e \u00e0 de telles violations vot\u00e9e en 1993 par le Parlement, rappelle-t-on, et contest\u00e9e par l\u2019opposition, en son temps, absout tous les \u00ab\u00a0membres des forces arm\u00e9es et de s\u00e9curit\u00e9\u00a0\u00bb pr\u00e9sum\u00e9s coupables d\u2019actes de violations entre 1989 et 1992, de poursuites judiciaires.<\/p>\n","protected":false},"excerpt":{"rendered":"<p>L\u2019ex-patron de la DGSN, et g\u00e9n\u00e9ral \u00e0 la retraite, Mohamed Ould Meguett, port\u00e9 candidat par le parti \u00abEl Insaf\u00a0\u00bb, au pouvoir, comme t\u00eate de liste sur sa liste nationale \u00e0 la d\u00e9putation fait l\u2019objet d\u2019accusations de violations de droits de l\u2019homme port\u00e9es contre lui par le Fonadh (forum des organisations nationales des droits de l\u2019Homme). &hellip;<\/p>\n","protected":false},"author":2,"featured_media":5225,"comment_status":"open","ping_status":"open","sticky":false,"template":"","format":"standard","meta":{"footnotes":""},"categories":[18],"tags":[],"class_list":["post-5223","post","type-post","status-publish","format-standard","has-post-thumbnail","hentry","category-actualites"],"_links":{"self":[{"href":"https:\/\/ladepeche.mr\/index.php?rest_route=\/wp\/v2\/posts\/5223","targetHints":{"allow":["GET"]}}],"collection":[{"href":"https:\/\/ladepeche.mr\/index.php?rest_route=\/wp\/v2\/posts"}],"about":[{"href":"https:\/\/ladepeche.mr\/index.php?rest_route=\/wp\/v2\/types\/post"}],"author":[{"embeddable":true,"href":"https:\/\/ladepeche.mr\/index.php?rest_route=\/wp\/v2\/users\/2"}],"replies":[{"embeddable":true,"href":"https:\/\/ladepeche.mr\/index.php?rest_route=%2Fwp%2Fv2%2Fcomments&post=5223"}],"version-history":[{"count":1,"href":"https:\/\/ladepeche.mr\/index.php?rest_route=\/wp\/v2\/posts\/5223\/revisions"}],"predecessor-version":[{"id":5224,"href":"https:\/\/ladepeche.mr\/index.php?rest_route=\/wp\/v2\/posts\/5223\/revisions\/5224"}],"wp:featuredmedia":[{"embeddable":true,"href":"https:\/\/ladepeche.mr\/index.php?rest_route=\/wp\/v2\/media\/5225"}],"wp:attachment":[{"href":"https:\/\/ladepeche.mr\/index.php?rest_route=%2Fwp%2Fv2%2Fmedia&parent=5223"}],"wp:term":[{"taxonomy":"category","embeddable":true,"href":"https:\/\/ladepeche.mr\/index.php?rest_route=%2Fwp%2Fv2%2Fcategories&post=5223"},{"taxonomy":"post_tag","embeddable":true,"href":"https:\/\/ladepeche.mr\/index.php?rest_route=%2Fwp%2Fv2%2Ftags&post=5223"}],"curies":[{"name":"wp","href":"https:\/\/api.w.org\/{rel}","templated":true}]}}