{"id":5226,"date":"2023-04-15T22:38:57","date_gmt":"2023-04-15T22:38:57","guid":{"rendered":"https:\/\/ladepeche.mr\/?p=5226"},"modified":"2023-04-15T22:39:51","modified_gmt":"2023-04-15T22:39:51","slug":"reunions-du-printemps-des-bailleurs-de-fonds-la-mauritanie-eligible-aux-fonds-rst-engrange-une-bonne-moisson","status":"publish","type":"post","link":"https:\/\/ladepeche.mr\/?p=5226","title":{"rendered":"Fin des r\u00e9unions du printemps des bailleurs de fonds: La Mauritanie, \u00e9ligible aux fonds RST, engrange une bonne moisson"},"content":{"rendered":"<p>La Mauritanie semble avoir engrang\u00e9 une bonne moisson avec la fin des r\u00e9unions du printemps des  institutions internationales du FMI et de la Banque Mondiale, assure-t-On de source autoris\u00e9e, la veille de la cl\u00f4ture de ces rencontres.<br \/>\nAu cours de ces r\u00e9unions la d\u00e9l\u00e9gation mauritanienne compos\u00e9e des ministres des affaires \u00e9conomiques et de la promotion des secteurs productifs. O.M. Kane, des finances, Isselmou MOHAMED MBadi et du gouverneur de la BCM, MOHAMED Lemine Ould Dhehbi. A cette mission minist\u00e9rielle s\u2019\u00e9taient joints notre ambassadrice aux USA, Mme Ciss\u00e9 Mint Boida, Thiam Samba, ambassadeur Itinerant aupr\u00e8s de ces institutions et MOHAMED Lemine Raghani, charg\u00e9 de mission \u00e0 la Primature.<br \/>\nLa mission gouvernementale a, en effet, eu des \u00e9changes de hauts niveaux avec le Vice President de la BM, la DGA du FMI, Predidente du MGC. Ces rencontres ont eu \u00ab\u00a0des r\u00e9sultats tangibles\u00a0\u00bb souligne notre source avant de pr\u00e9ciser que \u00ab\u00a0les discussions (avec le FMI) ont essentiellement port\u00e9 sur le d\u00e9roulement du nouveau programme de r\u00e9formes adopt\u00e9 r\u00e9cemment\u00a0\u00bb. Les bailleurs de fonds auraient constat\u00e9 \u00ab\u00a0que son ex\u00e9cution est positive et que les engagements de r\u00e9alisation seront respect\u00e9s (et) \u00e0 bonne date\u00a0\u00bb.<br \/>\nUne autre bonne nouvelle concerne l\u2019\u00e9ligibilit\u00e9 de notre pays au programme Resilience Sustainable Trust qui permettra de relever les challenges au niveau environnemental. Le RST a \u00e9t\u00e9 mis en place par le FMI pour relever les d\u00e9fis de la pand\u00e9mie, les retomb\u00e9es des chocs g\u00e9opolitiques et les probl\u00e8mes structurels de longue date sources d\u2019obstacle \u00e0 la stabilit\u00e9 de la balance des paiements et \u00e0 une croissance r\u00e9siliente et durable, en particulier pour les pays \u00e0 faible revenu dont le n\u00f4tre. Notre compatriote SE Samba Thiam serait pressenti pour en \u00eatre -en sus de ses fonctions d\u2019ambassadeur itin\u00e9rant- le coordinateur national.<\/p>\n<p>S\u2019agissant de la coop\u00e9ration avec la BM, l\u2019accent a \u00e9t\u00e9 mis un meilleur rendement des projets \u00e0 travers une am\u00e9lioration des taux de d\u00e9caissements, la confirmation du financement des projets en cours et de nouvelles possibilit\u00e9s dans le domaine de la r\u00e9silience et de la gestion des risques comme les inondations. <\/p>\n","protected":false},"excerpt":{"rendered":"<p>La Mauritanie semble avoir engrang\u00e9 une bonne moisson avec la fin des r\u00e9unions du printemps des institutions internationales du FMI et de la Banque Mondiale, assure-t-On de source autoris\u00e9e, la veille de la cl\u00f4ture de ces rencontres. Au cours de ces r\u00e9unions la d\u00e9l\u00e9gation mauritanienne compos\u00e9e des ministres des affaires \u00e9conomiques et de la promotion &hellip;<\/p>\n","protected":false},"author":2,"featured_media":5210,"comment_status":"open","ping_status":"open","sticky":false,"template":"","format":"standard","meta":{"footnotes":""},"categories":[18,2],"tags":[],"class_list":["post-5226","post","type-post","status-publish","format-standard","has-post-thumbnail","hentry","category-actualites","category-economie"],"_links":{"self":[{"href":"https:\/\/ladepeche.mr\/index.php?rest_route=\/wp\/v2\/posts\/5226","targetHints":{"allow":["GET"]}}],"collection":[{"href":"https:\/\/ladepeche.mr\/index.php?rest_route=\/wp\/v2\/posts"}],"about":[{"href":"https:\/\/ladepeche.mr\/index.php?rest_route=\/wp\/v2\/types\/post"}],"author":[{"embeddable":true,"href":"https:\/\/ladepeche.mr\/index.php?rest_route=\/wp\/v2\/users\/2"}],"replies":[{"embeddable":true,"href":"https:\/\/ladepeche.mr\/index.php?rest_route=%2Fwp%2Fv2%2Fcomments&post=5226"}],"version-history":[{"count":2,"href":"https:\/\/ladepeche.mr\/index.php?rest_route=\/wp\/v2\/posts\/5226\/revisions"}],"predecessor-version":[{"id":5228,"href":"https:\/\/ladepeche.mr\/index.php?rest_route=\/wp\/v2\/posts\/5226\/revisions\/5228"}],"wp:featuredmedia":[{"embeddable":true,"href":"https:\/\/ladepeche.mr\/index.php?rest_route=\/wp\/v2\/media\/5210"}],"wp:attachment":[{"href":"https:\/\/ladepeche.mr\/index.php?rest_route=%2Fwp%2Fv2%2Fmedia&parent=5226"}],"wp:term":[{"taxonomy":"category","embeddable":true,"href":"https:\/\/ladepeche.mr\/index.php?rest_route=%2Fwp%2Fv2%2Fcategories&post=5226"},{"taxonomy":"post_tag","embeddable":true,"href":"https:\/\/ladepeche.mr\/index.php?rest_route=%2Fwp%2Fv2%2Ftags&post=5226"}],"curies":[{"name":"wp","href":"https:\/\/api.w.org\/{rel}","templated":true}]}}