{"id":5229,"date":"2023-04-15T23:06:20","date_gmt":"2023-04-15T23:06:20","guid":{"rendered":"https:\/\/ladepeche.mr\/?p=5229"},"modified":"2023-04-15T23:26:54","modified_gmt":"2023-04-15T23:26:54","slug":"belgique-des-compatriotes-forcent-lestime","status":"publish","type":"post","link":"https:\/\/ladepeche.mr\/?p=5229","title":{"rendered":"Belgique: des compatriotes forcent l\u2019estime"},"content":{"rendered":"<p>Ils viennent de toutes les r\u00e9gions de Mauritanie. Ils sont soud\u00e9s. Ils ne veulent laisser personne en rade. Aucun objectif politique. Le seul but est de se rassembler en compatriotes et offrir un \u00abFtour\u00a0\u00bb \u00e0 tous y compris d\u2019autres nationalit\u00e9s. C\u2019est l\u2019\u00e9cole du ramadan et l\u2019enseignement de la solidarit\u00e9 et du partage. C\u2019est aussi une image miniature de la Mauritanie que nous avons eu la chance de conna\u00eetre, celle qu\u2019on voudrait l\u00e9guer \u00e0 nos enfants, avec pour seul mot d\u2019ordre \u00abaimer vous et aimer votre pays\u00a0\u00bb. Bravo \u00e0 toutes nos s\u0153urs et fr\u00e8res \u00e0 Bruxelles de r\u00e9chauffer et donner du baume \u00e0 nos c\u0153urs meurtris.<\/p>\n<p>Invitation pour la communaut\u00e9 Mauritanienne en Belgique.<br \/>\nIftar commun.<\/p>\n<p><strong>Note<\/strong><br \/>\nun groupe de la Communaut\u00e9 Mauritanienne en Belgique discute en  \u00e9changeant les id\u00e9es aux fins de l&#8217;organisation d&#8217;un &#8221; iftar &#8221; pour les membres de la communaut\u00e9 Mauritanienne en Belgique. Ce samedi 8 avril, le groupe s&#8217;est r\u00e9uni pour finaliser le d\u00e9roulement de la soir\u00e9e &#8220;Iftar &#8220;.<br \/>\nIl a \u00e9t\u00e9 d\u00e9cid\u00e9 :<\/p>\n<p>1 &#8211; La soir\u00e9e &#8220;Iftar &#8221; aura lieu le samedi  24 Ramadan\/ Le 15 avril 2023<\/p>\n<p>2 &#8211; Le lieu:<br \/>\nSalle Globe Aroma<br \/>\nRue de Braie 26, 1000 Bruxelles.<br \/>\nM\u00e9tro 1 ou 5<br \/>\nArr\u00eat Sainte-Catherine.<\/p>\n<p>3 &#8211; L&#8217;accueil des invit\u00e9s d\u00e9butera \u00e0 partir de 20h,<br \/>\nla rupture du je\u00fbne \u00e9tant \u00e0 20h40.<\/p>\n<p>4 &#8211; il y aura dans la salle, un lieu avec tapis pour la pri\u00e8re. <\/p>\n<p>5 &#8211; chaque invit\u00e9 a le droit<br \/>\nd&#8217;emmener avec lui des amis d&#8217;autres nationalit\u00e9s. <\/p>\n<p>6 &#8211; L&#8217;\u00e9v\u00e9nement est une occasion pour le rassemblement et la rencontre des membres de la communaut\u00e9, et non un \u00e9v\u00e8nement politique. Il est interdit de prononcer des discours politiques ou consid\u00e9r\u00e9 l&#8217;\u00e9v\u00e9nement comme une tribune pour faire une campagne \u00e9lectorale. <\/p>\n<p>7 &#8211; l&#8217;invitation est destin\u00e9e \u00e0 tous les membres de la communaut\u00e9 Mauritanienne en Belgique, sp\u00e9cialement les familles, et leurs enfants sont le. Ils ne veulent laisser personne en rade. Aucun objectif politique. Le seul but est de se rassembler en compatriotes et offrir un \u00abFtour\u00a0\u00bb \u00e0 tous y compris d\u2019autres nationalit\u00e9s. C\u2019est l\u2019\u00e9cole du ramadan et l\u2019enseignement de la solidarit\u00e9 et du partage. C\u2019est aussi une image miniature de la Mauritanie que nous avons la chance de conna\u00eetre, celle qu\u2019on voudrait l\u00e9guer \u00e0 nos enfants, avec pour seul mot d\u2019ordre \u00abaimer vous et aimer votre pays\u00a0\u00bb. Bravo \u00e0 toutes nos s\u0153urs et fr\u00e8res \u00e0 Bruxelles de r\u00e9chauffer et donner du baume \u00e0 nos c\u0153urs meurtris.<\/p>\n","protected":false},"excerpt":{"rendered":"<p>Ils viennent de toutes les r\u00e9gions de Mauritanie. Ils sont soud\u00e9s. Ils ne veulent laisser personne en rade. Aucun objectif politique. Le seul but est de se rassembler en compatriotes et offrir un \u00abFtour\u00a0\u00bb \u00e0 tous y compris d\u2019autres nationalit\u00e9s. C\u2019est l\u2019\u00e9cole du ramadan et l\u2019enseignement de la solidarit\u00e9 et du partage. C\u2019est aussi une &hellip;<\/p>\n","protected":false},"author":2,"featured_media":5231,"comment_status":"open","ping_status":"open","sticky":false,"template":"","format":"standard","meta":{"footnotes":""},"categories":[18,15],"tags":[],"class_list":["post-5229","post","type-post","status-publish","format-standard","has-post-thumbnail","hentry","category-actualites","category-culture"],"_links":{"self":[{"href":"https:\/\/ladepeche.mr\/index.php?rest_route=\/wp\/v2\/posts\/5229","targetHints":{"allow":["GET"]}}],"collection":[{"href":"https:\/\/ladepeche.mr\/index.php?rest_route=\/wp\/v2\/posts"}],"about":[{"href":"https:\/\/ladepeche.mr\/index.php?rest_route=\/wp\/v2\/types\/post"}],"author":[{"embeddable":true,"href":"https:\/\/ladepeche.mr\/index.php?rest_route=\/wp\/v2\/users\/2"}],"replies":[{"embeddable":true,"href":"https:\/\/ladepeche.mr\/index.php?rest_route=%2Fwp%2Fv2%2Fcomments&post=5229"}],"version-history":[{"count":3,"href":"https:\/\/ladepeche.mr\/index.php?rest_route=\/wp\/v2\/posts\/5229\/revisions"}],"predecessor-version":[{"id":5234,"href":"https:\/\/ladepeche.mr\/index.php?rest_route=\/wp\/v2\/posts\/5229\/revisions\/5234"}],"wp:featuredmedia":[{"embeddable":true,"href":"https:\/\/ladepeche.mr\/index.php?rest_route=\/wp\/v2\/media\/5231"}],"wp:attachment":[{"href":"https:\/\/ladepeche.mr\/index.php?rest_route=%2Fwp%2Fv2%2Fmedia&parent=5229"}],"wp:term":[{"taxonomy":"category","embeddable":true,"href":"https:\/\/ladepeche.mr\/index.php?rest_route=%2Fwp%2Fv2%2Fcategories&post=5229"},{"taxonomy":"post_tag","embeddable":true,"href":"https:\/\/ladepeche.mr\/index.php?rest_route=%2Fwp%2Fv2%2Ftags&post=5229"}],"curies":[{"name":"wp","href":"https:\/\/api.w.org\/{rel}","templated":true}]}}