{"id":5242,"date":"2023-04-16T15:14:06","date_gmt":"2023-04-16T15:14:06","guid":{"rendered":"https:\/\/ladepeche.mr\/?p=5242"},"modified":"2023-04-16T15:15:17","modified_gmt":"2023-04-16T15:15:17","slug":"communique-a-lissue-de-la-visite-du-mae-du-portugal-sem-joao-gomes-cravinho","status":"publish","type":"post","link":"https:\/\/ladepeche.mr\/?p=5242","title":{"rendered":"Communiqu\u00e9 \u00e0 l\u2019issue de la visite en Mauritanie du MAE du Portugal, SEM Jo\u00e3o Gomes Cravinho"},"content":{"rendered":"<p>\u201c1. SEM Jo\u00e3o Gomes Cravinho, Ministre des Affaires Etrang\u00e8res de la R\u00e9publique Portugaise, a effectu\u00e9 une visite de travail en R\u00e9publique Islamique de Mauritanie le 15 avril 2023, accompagn\u00e9 d\u2019une importante d\u00e9l\u00e9gation ;<\/p>\n<p>2. Le chef de la diplomatie portugaise a \u00e9t\u00e9 re\u00e7u et accompagn\u00e9 lors de cette visite pat SEM Mohamed Salem MERZOUG, Ministre des Affaires Etrang\u00e8res, de la Coop\u00e9ration et des Mauritaniens de l\u2019Ext\u00e9rieur ;<\/p>\n<p>3. Il a tenu avec son homologue mauritanien, SEM Mohamed Salem MERZOUG, Ministre des Affaires Etrang\u00e8res, de la Coop\u00e9ration et des Mauritaniens de l\u2019Ext\u00e9rieur un entretien en t\u00eate-\u00e0-t\u00eate \u00e9largi par la suite aux membres des deux d\u00e9l\u00e9gations ;<\/p>\n<p>4. Les \u00e9changes entre les deux parties se sont d\u00e9roul\u00e9s dans une atmosph\u00e8re amicale, ouverte et constructive et ont port\u00e9 sur les sujets de coop\u00e9ration bilat\u00e9rale et sur les questions r\u00e9gionales et internationales d\u2019int\u00e9r\u00eat commun ;<\/p>\n<p>5. Sur le plan bilat\u00e9ral, les deux chefs de la diplomatie ont convenu de :<\/p>\n<p>\u2013 Renforcer la coop\u00e9ration entre les deux pays dans les domaines politique, \u00e9conomique, commercial, conform\u00e9ment \u00e0 la volont\u00e9 politique des deux Gouvernements, afin de hisser les relations entre les deux pays au niveau attendu ;<\/p>\n<p>\u2013 R\u00e9activer et \u00e9largir la commission mixte instaur\u00e9e par l\u2019accord-cadre signer le 19 d\u00e9cembre 1998 afin d\u2019inclure des secteurs prioritaires y compris l\u2019\u00e9nergie renouvelable et l\u2019\u00e9conomie bleue ;<\/p>\n<p>\u2013 Relancer les consultations politiques, objet du m\u00e9morandum d\u2019entente sign\u00e9 le 15 juin 2010, pour d\u00e9velopper et approfondir la coop\u00e9ration aux niveaux bilat\u00e9ral et multilat\u00e9ral ; <\/p>\n<p>\u2013 Encourager les \u00e9changes de visites officielles dans l\u2019optique de raffermir d\u2019avantage les relations entre les deux pays.<\/p>\n<p>6. Au niveau Multilat\u00e9ral, les deux parties ont r\u00e9affirm\u00e9 ;<\/p>\n<p>\u2013 La n\u00e9cessit\u00e9 de renforcer l\u2019engagement de la communaut\u00e9 internationale aux c\u00f4t\u00e9s du G5 Sahel pour permettre \u00e0 cette organisation r\u00e9gionale de relever les d\u00e9fis qui entravent la r\u00e9alisation de sa mission strat\u00e9gique en faveur de la paix, de la s\u00e9curit\u00e9 et du d\u00e9veloppement dans la sous-r\u00e9gion ;<\/p>\n<p>\u2013 L\u2019importance du maintien de la paix et de la s\u00e9curit\u00e9 au niveau mondial, ainsi que du r\u00e8glement des diff\u00e9rends par les moyens diplomatiques, dans le respect de la charte des Nations Unies, du droit international et des principes de souverainet\u00e9, d\u2019ind\u00e9pendance et d\u2019int\u00e9grit\u00e9 territoriale des Etats ;<\/p>\n<p>7. Lors de cette visite le Secr\u00e9taire d\u2019Etat de la Mer et la Secr\u00e9taire d\u2019Etat des P\u00eaches ont \u00e9t\u00e9 re\u00e7us par le Ministre des P\u00eaches et de l\u2019\u00c9conomie Maritime, M. Mohamed Abidine MAYIF ; leurs entretiens ont port\u00e9 sur les perspectives de coop\u00e9ration et d\u2019investissement entre la Mauritanie et le Portugal dans les domaines li\u00e9s au d\u00e9partement de la p\u00eache et \u00e0 l\u2019\u00e9conomie maritime.<\/p>\n<p>Fait \u00e0 Nouakchott, le 15\/04\/2023\u201d<\/p>\n","protected":false},"excerpt":{"rendered":"<p>\u201c1. SEM Jo\u00e3o Gomes Cravinho, Ministre des Affaires Etrang\u00e8res de la R\u00e9publique Portugaise, a effectu\u00e9 une visite de travail en R\u00e9publique Islamique de Mauritanie le 15 avril 2023, accompagn\u00e9 d\u2019une importante d\u00e9l\u00e9gation ; 2. Le chef de la diplomatie portugaise a \u00e9t\u00e9 re\u00e7u et accompagn\u00e9 lors de cette visite pat SEM Mohamed Salem MERZOUG, Ministre &hellip;<\/p>\n","protected":false},"author":2,"featured_media":5243,"comment_status":"open","ping_status":"open","sticky":false,"template":"","format":"standard","meta":{"footnotes":""},"categories":[18,19],"tags":[],"class_list":["post-5242","post","type-post","status-publish","format-standard","has-post-thumbnail","hentry","category-actualites","category-tribune"],"_links":{"self":[{"href":"https:\/\/ladepeche.mr\/index.php?rest_route=\/wp\/v2\/posts\/5242","targetHints":{"allow":["GET"]}}],"collection":[{"href":"https:\/\/ladepeche.mr\/index.php?rest_route=\/wp\/v2\/posts"}],"about":[{"href":"https:\/\/ladepeche.mr\/index.php?rest_route=\/wp\/v2\/types\/post"}],"author":[{"embeddable":true,"href":"https:\/\/ladepeche.mr\/index.php?rest_route=\/wp\/v2\/users\/2"}],"replies":[{"embeddable":true,"href":"https:\/\/ladepeche.mr\/index.php?rest_route=%2Fwp%2Fv2%2Fcomments&post=5242"}],"version-history":[{"count":2,"href":"https:\/\/ladepeche.mr\/index.php?rest_route=\/wp\/v2\/posts\/5242\/revisions"}],"predecessor-version":[{"id":5245,"href":"https:\/\/ladepeche.mr\/index.php?rest_route=\/wp\/v2\/posts\/5242\/revisions\/5245"}],"wp:featuredmedia":[{"embeddable":true,"href":"https:\/\/ladepeche.mr\/index.php?rest_route=\/wp\/v2\/media\/5243"}],"wp:attachment":[{"href":"https:\/\/ladepeche.mr\/index.php?rest_route=%2Fwp%2Fv2%2Fmedia&parent=5242"}],"wp:term":[{"taxonomy":"category","embeddable":true,"href":"https:\/\/ladepeche.mr\/index.php?rest_route=%2Fwp%2Fv2%2Fcategories&post=5242"},{"taxonomy":"post_tag","embeddable":true,"href":"https:\/\/ladepeche.mr\/index.php?rest_route=%2Fwp%2Fv2%2Ftags&post=5242"}],"curies":[{"name":"wp","href":"https:\/\/api.w.org\/{rel}","templated":true}]}}