{"id":5246,"date":"2023-04-16T16:52:48","date_gmt":"2023-04-16T16:52:48","guid":{"rendered":"https:\/\/ladepeche.mr\/?p=5246"},"modified":"2023-04-16T17:01:12","modified_gmt":"2023-04-16T17:01:12","slug":"mali-quelles-consequences-peut-avoir-la-progression-du-groupe-etat-islamique","status":"publish","type":"post","link":"https:\/\/ladepeche.mr\/?p=5246","title":{"rendered":"Mali: quelles cons\u00e9quences peut avoir la progression du groupe \u00c9tat islamique?"},"content":{"rendered":"<p>La prise de contr\u00f4le de Tiderm\u00e8ne, lundi dernier, par la branche sah\u00e9lienne du groupe \u00c9tat islamique marque un tournant : les  jihadistes assoient leur domination dans le nord-est du Mali et particuli\u00e8rement dans la r\u00e9gion de M\u00e9naka. Quelles peuvent-\u00eatre les cons\u00e9quences pour les populations ?<br \/>\nCela fait un peu plus d&#8217;un an que l&#8217;organisation l&#8217;\u00c9tat islamique au Sahel m\u00e8ne des attaques en s\u00e9rie contre les communes de la r\u00e9gion de M\u00e9naka, mais aussi de Gao, notamment. Pour Guillaume Soto-Mayor, chercheur associ\u00e9 au Middle East Institute et sp\u00e9cialiste des groupes jihadistes au Sahel, la prise de Tiderm\u00e8ne confirme le succ\u00e8s de cette offensive.<\/p>\n<p>\u00ab L&#8217;\u00c9tat islamique a r\u00e9ussi son offensive dans le sens o\u00f9 il a r\u00e9ussi \u00e0 se recr\u00e9er une base territoriale stable dans l&#8217;int\u00e9gralit\u00e9 de la r\u00e9gion de M\u00e9naka, jusqu&#8217;\u00e0 la zone des trois fronti\u00e8res Mali-Burkina-Niger. Il s&#8217;\u00e9tend \u00e9galement vers Boni et Hombori dans la r\u00e9gion de Mopti au Mali, et dans la r\u00e9gion du Sahel dans le nord du Burkina Faso. \u00bb<\/p>\n<p>Jusqu&#8217;ici, la r\u00e9gion de M\u00e9naka \u00e9tait contr\u00f4l\u00e9e, selon les secteurs, par le Jnim (Groupe de soutien \u00e0 l&#8217;islam et aux musulmans), li\u00e9 \u00e0 al-Qa\u00efda, ou par des groupes arm\u00e9s signataires de l&#8217;accord de paix de 2015, alli\u00e9s de l&#8217;\u00c9tat malien (le MSA et le Gatia).<\/p>\n<p>Pour Guillaume Soto-Mayor, la nouvelle position de force du groupe \u00c9tat islamique ne sera pas sans cons\u00e9quence pour les populations. \u00ab Le premier changement peut s&#8217;exercer sur la duret\u00e9 de l&#8217;application de la loi islamique, les s\u00e9vices appliqu\u00e9s en cas de d\u00e9viation des r\u00e8gles impos\u00e9es, donc une violence envers les civils qui est beaucoup plus large. Une deuxi\u00e8me \u00e9volution majeure peut \u00eatre la r\u00e9partition des revenus et les r\u00e9gulations autour des flux pastoraux. Il peut y avoir \u00e9galement des \u00e9volutions sur les pillages ou sur les exactions contre certaines communaut\u00e9s per\u00e7ues comme ennemies, dans une logique absolutiste du jihad. \u00bb<\/p>\n<p>Dans la r\u00e9gion du m\u00eame nom, la ville de M\u00e9naka n&#8217;a pas encore subi d&#8217;assaut du groupe \u00c9tat islamique. Mais elle est d\u00e9sormais parfaitement encercl\u00e9e.<br \/>\nhttps:\/\/www.rfi.fr\/fr\/afrique\/20230415-mali-quelles-cons%C3%A9quences-peut-avoir-la-progression-du-groupe-%C3%A9tat-islamique<\/p>\n","protected":false},"excerpt":{"rendered":"<p>La prise de contr\u00f4le de Tiderm\u00e8ne, lundi dernier, par la branche sah\u00e9lienne du groupe \u00c9tat islamique marque un tournant : les jihadistes assoient leur domination dans le nord-est du Mali et particuli\u00e8rement dans la r\u00e9gion de M\u00e9naka. Quelles peuvent-\u00eatre les cons\u00e9quences pour les populations ? Cela fait un peu plus d&#8217;un an que l&#8217;organisation l&#8217;\u00c9tat &hellip;<\/p>\n","protected":false},"author":2,"featured_media":5248,"comment_status":"open","ping_status":"open","sticky":false,"template":"","format":"standard","meta":{"footnotes":""},"categories":[18,28],"tags":[],"class_list":["post-5246","post","type-post","status-publish","format-standard","has-post-thumbnail","hentry","category-actualites","category-sahel"],"_links":{"self":[{"href":"https:\/\/ladepeche.mr\/index.php?rest_route=\/wp\/v2\/posts\/5246","targetHints":{"allow":["GET"]}}],"collection":[{"href":"https:\/\/ladepeche.mr\/index.php?rest_route=\/wp\/v2\/posts"}],"about":[{"href":"https:\/\/ladepeche.mr\/index.php?rest_route=\/wp\/v2\/types\/post"}],"author":[{"embeddable":true,"href":"https:\/\/ladepeche.mr\/index.php?rest_route=\/wp\/v2\/users\/2"}],"replies":[{"embeddable":true,"href":"https:\/\/ladepeche.mr\/index.php?rest_route=%2Fwp%2Fv2%2Fcomments&post=5246"}],"version-history":[{"count":1,"href":"https:\/\/ladepeche.mr\/index.php?rest_route=\/wp\/v2\/posts\/5246\/revisions"}],"predecessor-version":[{"id":5247,"href":"https:\/\/ladepeche.mr\/index.php?rest_route=\/wp\/v2\/posts\/5246\/revisions\/5247"}],"wp:featuredmedia":[{"embeddable":true,"href":"https:\/\/ladepeche.mr\/index.php?rest_route=\/wp\/v2\/media\/5248"}],"wp:attachment":[{"href":"https:\/\/ladepeche.mr\/index.php?rest_route=%2Fwp%2Fv2%2Fmedia&parent=5246"}],"wp:term":[{"taxonomy":"category","embeddable":true,"href":"https:\/\/ladepeche.mr\/index.php?rest_route=%2Fwp%2Fv2%2Fcategories&post=5246"},{"taxonomy":"post_tag","embeddable":true,"href":"https:\/\/ladepeche.mr\/index.php?rest_route=%2Fwp%2Fv2%2Ftags&post=5246"}],"curies":[{"name":"wp","href":"https:\/\/api.w.org\/{rel}","templated":true}]}}