{"id":5249,"date":"2023-04-16T16:59:59","date_gmt":"2023-04-16T16:59:59","guid":{"rendered":"https:\/\/ladepeche.mr\/?p=5249"},"modified":"2023-04-16T16:59:59","modified_gmt":"2023-04-16T16:59:59","slug":"lallemagne-renforce-sa-cooperation-militaire-avec-le-niger","status":"publish","type":"post","link":"https:\/\/ladepeche.mr\/?p=5249","title":{"rendered":"L&#8217;Allemagne renforce sa coop\u00e9ration militaire avec le Niger"},"content":{"rendered":"<p>Berlin compte d\u00e9sormais sur le Niger pour renforcer son action militaire dans le Sahel. Deux ministres allemands viennent de s\u00e9journer dans la r\u00e9gion.<br \/>\nDeux ministres allemands viennent de s\u00e9journer au Niger et au Mali.  Deux pays qui font face aux attaques djihadistes.<\/p>\n<p>Le ministre de la D\u00e9fense, Boris Pistorius, et la ministre du D\u00e9veloppement, Svenja Schulze, \u00e9taient en d\u00e9placement dans ces deux pays o\u00f9 sont pr\u00e9sents des soldats allemands.<\/p>\n<p>Au c\u0153ur de la visite des deux ministres \u00e9tait la s\u00e9curit\u00e9 et  le d\u00e9veloppement au Sahel. Pour les \u00e9missaires allemands, sans s\u00e9curit\u00e9, le d\u00e9veloppement n&#8217;est pas possible. Et sans d\u00e9veloppement, la s\u00e9curit\u00e9 n&#8217;a pas de sens.<\/p>\n<p>A Gao, o\u00f9 ils ont rendu visite aux soldats de la Bundeswehr, le ministre de la D\u00e9fense, Boris Pistorius, a regrett\u00e9 la d\u00e9gradation de la situation s\u00e9curitaire dans certaines r\u00e9gions du Mali alors que les soldats allemands devront quitter le pays en mai 2024.<\/p>\n<p>&#8220;Je regrette beaucoup que notre mission prenne fin de cette mani\u00e8re car il est apparu clairement aujourd&#8217;hui encore dans les discussions que nous nous trouvons face \u00e0 un v\u00e9ritable dilemme. La situation au Mali ne s&#8217;est pas am\u00e9lior\u00e9e et si notre mission n&#8217;a pas pu aboutir, c&#8217;est \u00e0 cause des conditions ici. Ce n&#8217;est pas par la faute de la politique allemande, et encore moins celle de la Bundeswehr et de ses soldats.&#8221;<\/p>\n<p>Difficile de travailler au Mali<\/p>\n<p>La Bundeswehr a pour but de prot\u00e9ger la population civile, de stabiliser le pays et d&#8217;assurer la s\u00e9curit\u00e9. Elle fait partie de la mission des casques bleus de l&#8217;Onu, la Minusma. 1.100 soldats allemands sont pr\u00e9sents au Mali. Mais, depuis plusieurs mois d\u00e9j\u00e0, la Bundeswehr ne peut plus remplir sa  mission. <\/p>\n<p>Apr\u00e8s deux coups d&#8217;Etat militaires au cours des deux derni\u00e8res ann\u00e9es, beaucoup de choses ont chang\u00e9. Le nouveau dirigeant malien, le colonel Assimi Go\u00efta, mise d\u00e9sormais sur la Russie comme nouveau partenaire.<\/p>\n<p>Le Mali compte parmi les pays les plus pauvres du monde. La plupart des quelque 23 millions d&#8217;habitants vivent en milieu rural. Les crises auxquelles les habitants sont expos\u00e9s sont nombreuses. Et toutes sont li\u00e9es : crise s\u00e9curitaire avec l\u2019afflux de d\u00e9plac\u00e9s internes, crise climatique, crise de la faim et de l&#8217;emploi.<br \/>\nD\u00e9sormais, 8,8 millions de personnes au Mali d\u00e9pendent de l&#8217;aide humanitaire.<\/p>\n<p>L&#8217;aide humanitaire maintenue<\/p>\n<p>Mais si les soldats partent, les humanitaires restent. La ministre du D\u00e9veloppement, Svenja Schulze, a envoy\u00e9 un message clair : &#8220;Nous continuerons \u00e0 \u00eatre pr\u00e9sents avec l\u2019aide au d\u00e9veloppement&#8221;.<\/p>\n<p>&#8220;Je viens de m\u2019entretenir avec des femmes qui sont tr\u00e8s actives au niveau local. Elles ont t\u00e9moign\u00e9 une fois de plus de l\u2019importance de notre action, pour l&#8217;acc\u00e8s \u00e0 l\u2019eau, le soutien \u00e0 l\u2019agriculture, afin que les gens puissent subvenir par eux-m\u00eames \u00e0 leurs besoins. Et combien il est capital d\u2019investir dans l\u2019\u00e9ducation. &#8221;<\/p>\n<p>La Welthungerhilfe, une ONG allemande de lutte contre la faim, veut ainsi rester apr\u00e8s le d\u00e9part de l&#8217;arm\u00e9e allemande. L&#8217;organisation travaille dans les r\u00e9gions les plus dangereuses du Mali avec une \u00e9quipe d&#8217;environ 150 assistants locaux et internationaux.<\/p>\n<p>La coop\u00e9ration militaire sur une base bilat\u00e9rale<\/p>\n<p>Au cours d&#8217;un point de presse \u00e0 Bamako, ce vendredi 14 avril, le ministre allemand de la D\u00e9fense Boris Pistorius a laiss\u00e9 entendre que son pays avait l&#8217;intention de continuer de former les soldats maliens. Le but \u00e9tant de rendre le Mali capable lui-m\u00eame de prot\u00e9ger son peuple.<\/p>\n<p>Ainsi, &#8220;trente militaires (maliens) sont actuellement en formation en Allemagne&#8221;, a encore d\u00e9clar\u00e9 Boris Pistorius, illustrant ce plan allemand de formation.<\/p>\n<p>Le Niger rassure davantage<\/p>\n<p>L&#8217;Europe ne veut cependant pas laisser le champ libre \u00e0 la Russie et \u00e0 la Chine qui accroissent leur influence au Sahel. C&#8217;est pourquoi l&#8217;Allemagne restera pr\u00e9sente dans la r\u00e9gion. Et elle a d\u00e9j\u00e0 identifi\u00e9 un nouveau partenaire, \u00e0 savoir le Niger.<\/p>\n<p>En provenance du Mali, les djihadistes s\u2019infiltrent de plus en plus dans le pays. Le gouvernement nig\u00e9rien a ainsi r\u00e9clam\u00e9 le soutien de l&#8217;Allemagne. Le ministre de la D\u00e9fense, Boris Pistorius, veut envoyer des soldats pour continuer \u00e0 soutenir la mise en place des forces arm\u00e9es nig\u00e9riennes. &#8220;C&#8217;est vraiment une coop\u00e9ration d&#8217;\u00e9gal \u00e0 \u00e9gal. On nous veut express\u00e9ment ici&#8221;, a-t-il d\u00e9clar\u00e9.<\/p>\n<p>Contrairement donc au Mali, le gouvernement nig\u00e9rien du pr\u00e9sident Mohamed Bazoum mise sur le partenariat avec l&#8217;Occident plut\u00f4t qu&#8217;avec la Russie.<br \/>\nhttps:\/\/www.dw.com\/fr\/allemagne-niger-sahel-cooperation-militaire\/a-65322861<\/p>\n","protected":false},"excerpt":{"rendered":"<p>Berlin compte d\u00e9sormais sur le Niger pour renforcer son action militaire dans le Sahel. Deux ministres allemands viennent de s\u00e9journer dans la r\u00e9gion. Deux ministres allemands viennent de s\u00e9journer au Niger et au Mali. Deux pays qui font face aux attaques djihadistes. Le ministre de la D\u00e9fense, Boris Pistorius, et la ministre du D\u00e9veloppement, Svenja &hellip;<\/p>\n","protected":false},"author":2,"featured_media":5250,"comment_status":"open","ping_status":"open","sticky":false,"template":"","format":"standard","meta":{"footnotes":""},"categories":[29,28],"tags":[],"class_list":["post-5249","post","type-post","status-publish","format-standard","has-post-thumbnail","hentry","category-monde","category-sahel"],"_links":{"self":[{"href":"https:\/\/ladepeche.mr\/index.php?rest_route=\/wp\/v2\/posts\/5249","targetHints":{"allow":["GET"]}}],"collection":[{"href":"https:\/\/ladepeche.mr\/index.php?rest_route=\/wp\/v2\/posts"}],"about":[{"href":"https:\/\/ladepeche.mr\/index.php?rest_route=\/wp\/v2\/types\/post"}],"author":[{"embeddable":true,"href":"https:\/\/ladepeche.mr\/index.php?rest_route=\/wp\/v2\/users\/2"}],"replies":[{"embeddable":true,"href":"https:\/\/ladepeche.mr\/index.php?rest_route=%2Fwp%2Fv2%2Fcomments&post=5249"}],"version-history":[{"count":1,"href":"https:\/\/ladepeche.mr\/index.php?rest_route=\/wp\/v2\/posts\/5249\/revisions"}],"predecessor-version":[{"id":5251,"href":"https:\/\/ladepeche.mr\/index.php?rest_route=\/wp\/v2\/posts\/5249\/revisions\/5251"}],"wp:featuredmedia":[{"embeddable":true,"href":"https:\/\/ladepeche.mr\/index.php?rest_route=\/wp\/v2\/media\/5250"}],"wp:attachment":[{"href":"https:\/\/ladepeche.mr\/index.php?rest_route=%2Fwp%2Fv2%2Fmedia&parent=5249"}],"wp:term":[{"taxonomy":"category","embeddable":true,"href":"https:\/\/ladepeche.mr\/index.php?rest_route=%2Fwp%2Fv2%2Fcategories&post=5249"},{"taxonomy":"post_tag","embeddable":true,"href":"https:\/\/ladepeche.mr\/index.php?rest_route=%2Fwp%2Fv2%2Ftags&post=5249"}],"curies":[{"name":"wp","href":"https:\/\/api.w.org\/{rel}","templated":true}]}}