{"id":5271,"date":"2023-04-20T13:32:03","date_gmt":"2023-04-20T13:32:03","guid":{"rendered":"https:\/\/ladepeche.mr\/?p=5271"},"modified":"2023-04-20T13:33:18","modified_gmt":"2023-04-20T13:33:18","slug":"5271","status":"publish","type":"post","link":"https:\/\/ladepeche.mr\/?p=5271","title":{"rendered":"La boite de Pandore&#8230; De l\u2019hypocrisie \u00e0 la d\u00e9bauche&#8230;Par El Wely Sidi Heiba"},"content":{"rendered":"<p>Nul doute qu\u2019au pays des irr\u00e9ductibles et irascibles nomades, la politique est une b\u00eate de somme qui ne vaut que par la taille de sa bosse et sa course \u00e0 fond.<\/p>\n<p>C\u2019est dans ce contexte trouble de la logique b\u00e9douine du non \u00e9tat, que l\u2019opinion est fortement centralis\u00e9e aux mains de chefs providentiels tribaux. Ce sont eux qui pensent \u00e0 la place du commun de leurs sujets et lui \u00f4te toute la capacit\u00e9 de constitution d\u2019une opinion ou conviction propre.<\/p>\n<p>Certes la notion de partis politique, dans l\u2019Etat central, a \u00e9t\u00e9 introduite par le colonisateur fran\u00e7ais apr\u00e8s l\u2019\u00e9tablissement de fronti\u00e8res et la mise en place d\u2019institutions constituantes de la R\u00e9publique.<\/p>\n<p>Les premiers partis avaient tr\u00e8s vite r\u00e9ussi \u00e0 temp\u00e9rer les ardeurs de la r\u00e9bellion des entit\u00e9s tribales contre l\u2019ordre central et la soumission \u00e0 l\u2019Etat de droit \u00e9galitaire qui s\u2019\u00e9tablissait. Or le temp\u00e9rament belliqueux et hypocrite qui n\u2019a pas pu \u00eatre vaincu est rest\u00e9 tel quel avec des manifestations plus affin\u00e9es.<\/p>\n<p>La guerre du Sahara qui a entrain\u00e9 le pays &#8211; encore balbutiant &#8211; dans ses m\u00e9andres, a vite fait d\u2019avoir raison des premi\u00e8res jalons accomplis vers la r\u00e9publique.<\/p>\n<p>Les coups d\u2019Etat se sont alors succ\u00e9d\u00e9s pour rappeler \u00e0 l\u2019ordre tribal d\u2019antan, avec cependant un nouveau couvert qui a fait surface pour en cacher l\u2019amer v\u00e9rit\u00e9. Il s\u2019agit des mouvements id\u00e9ologiques estudiantins (nationalismes \u00e9troits surtout) en vogue \u00e0 l\u2019\u00e9poque. Les militaires assoiff\u00e9s de pouvoir s\u2019en sont empar\u00e9s pour rester aux r\u00eanes du pouvoir, mais non, sans aussi, consid\u00e9rer l\u2019avantage que leur conf\u00e9raient les consid\u00e9rations tribales attis\u00e9es comme jamais.<\/p>\n<p>Il va de soi que l\u2019\u00e9tat de d\u00e9liquescence du pays, malgr\u00e9 ses immenses et diverses richesses en minerais de son sous-sol, ses terres fertiles sur la berge d\u2019un fleuve g\u00e9n\u00e9reux, sa cote la plus poissonneuse au monde, laisse perplexe plus d\u2019un observateur. En cela la politique, d\u00e9pourvue de ses vertus et enrob\u00e9e dans les carcans tribalistes, a jou\u00e9 un r\u00f4le de premier plan.<\/p>\n<p>Ce sont h\u00e9las les fils de ce pays naissant, hautement instruis et bien form\u00e9s dans les universit\u00e9s et grandes \u00e9coles du monde, qui en ont \u00e9t\u00e9 les infects auteurs. Une situation f\u00e2cheuse qui perdure par leur volont\u00e9 d\u00e9brid\u00e9e, pr\u00e9f\u00e9rant \u00e0 l\u2019action de construction du pays, la d\u00e9bauche que leur offre le faible dividende de ses richesses dont ne b\u00e9n\u00e9ficie que les exploitants internationaux, leur laissant les miettes pour leur vanit\u00e9 et leur obscurantisme.<\/p>\n<p>Les comptes bancaires \u00e0 l\u2019ext\u00e9rieur, les villas somptueuses et les v\u00e9hicules luxueux sont leurs seules ambitions. Pour y arriver tous les forfaits sont permis.  Du d\u00e9tournement au gaspillage des deniers de l\u2019Etat, \u00e0 la corruption, au trafic de l\u2019influence \u00e0 la trahison sous toutes ses formes, rien n\u2019est tabou ni laiss\u00e9 au hasard, et tous les coups sont permis pour parvenir \u00e0 ses desseins destructeurs.<\/p>\n<p>Et quand vient l\u2019heure d\u2019\u00e9ch\u00e9ances politiques, des miettes de ces butins mal acquis et impropres sont distribu\u00e9es sous couvert d\u2019un tribalisme maintenu \u00e0 coups de festivals, de po\u00e9sie et de d\u00e9fil\u00e9s en grande pompe de v\u00e9hicules d\u2019un grand luxe vers les contr\u00e9es pauvres, \u00e0 travers des routes mal en point et des pistes perdues, y ouvrant toujours la boite de pandore.<\/p>\n","protected":false},"excerpt":{"rendered":"<p>Nul doute qu\u2019au pays des irr\u00e9ductibles et irascibles nomades, la politique est une b\u00eate de somme qui ne vaut que par la taille de sa bosse et sa course \u00e0 fond. C\u2019est dans ce contexte trouble de la logique b\u00e9douine du non \u00e9tat, que l\u2019opinion est fortement centralis\u00e9e aux mains de chefs providentiels tribaux. Ce &hellip;<\/p>\n","protected":false},"author":2,"featured_media":5272,"comment_status":"open","ping_status":"open","sticky":false,"template":"","format":"standard","meta":{"footnotes":""},"categories":[18],"tags":[],"class_list":["post-5271","post","type-post","status-publish","format-standard","has-post-thumbnail","hentry","category-actualites"],"_links":{"self":[{"href":"https:\/\/ladepeche.mr\/index.php?rest_route=\/wp\/v2\/posts\/5271","targetHints":{"allow":["GET"]}}],"collection":[{"href":"https:\/\/ladepeche.mr\/index.php?rest_route=\/wp\/v2\/posts"}],"about":[{"href":"https:\/\/ladepeche.mr\/index.php?rest_route=\/wp\/v2\/types\/post"}],"author":[{"embeddable":true,"href":"https:\/\/ladepeche.mr\/index.php?rest_route=\/wp\/v2\/users\/2"}],"replies":[{"embeddable":true,"href":"https:\/\/ladepeche.mr\/index.php?rest_route=%2Fwp%2Fv2%2Fcomments&post=5271"}],"version-history":[{"count":2,"href":"https:\/\/ladepeche.mr\/index.php?rest_route=\/wp\/v2\/posts\/5271\/revisions"}],"predecessor-version":[{"id":5274,"href":"https:\/\/ladepeche.mr\/index.php?rest_route=\/wp\/v2\/posts\/5271\/revisions\/5274"}],"wp:featuredmedia":[{"embeddable":true,"href":"https:\/\/ladepeche.mr\/index.php?rest_route=\/wp\/v2\/media\/5272"}],"wp:attachment":[{"href":"https:\/\/ladepeche.mr\/index.php?rest_route=%2Fwp%2Fv2%2Fmedia&parent=5271"}],"wp:term":[{"taxonomy":"category","embeddable":true,"href":"https:\/\/ladepeche.mr\/index.php?rest_route=%2Fwp%2Fv2%2Fcategories&post=5271"},{"taxonomy":"post_tag","embeddable":true,"href":"https:\/\/ladepeche.mr\/index.php?rest_route=%2Fwp%2Fv2%2Ftags&post=5271"}],"curies":[{"name":"wp","href":"https:\/\/api.w.org\/{rel}","templated":true}]}}