{"id":5280,"date":"2023-04-20T15:00:59","date_gmt":"2023-04-20T15:00:59","guid":{"rendered":"https:\/\/ladepeche.mr\/?p=5280"},"modified":"2023-04-20T15:09:27","modified_gmt":"2023-04-20T15:09:27","slug":"notre-avenir-est-en-jeu","status":"publish","type":"post","link":"https:\/\/ladepeche.mr\/?p=5280","title":{"rendered":"Tribune: Notre avenir est en jeu"},"content":{"rendered":"<p>Il me semble important de jeter un regard sur nos conditions de vie et sur la fragilit\u00e9 de l\u2019\u00e9quilibre entre la sant\u00e9 humaine et l\u2019environnement.<br \/>\nLa sant\u00e9 est une ressource vitale \u00e0  notre bien-\u00eatre et \u00e0 la capacit\u00e9 de nous r\u00e9aliser .La sant\u00e9 ne saurait donc se limiter \u00e0 la seule absence de maladie ou de handicap .Elle englobe divers facteurs de notre vie .Il nous faut donc la promouvoir et la rendre plus durable et plus  moderne afin de r\u00e9pondre aux besoins et aux attentes de la population .En effet ,malgr\u00e9 des investissements massifs et plusieurs r\u00e9formes, notre syst\u00e8me de sant\u00e9 ne parvient pas \u00e0 r\u00e9pondre aux besoins croissants de la population.<br \/>\nPuisque 70% des d\u00e9c\u00e8s sont attribuables \u00e0 des maladies chroniques r\u00e9sultant de notre mode de vie, tabagisme et alimentation de mauvaise qualit\u00e9, un mod\u00e8le mettant l\u2019accent essentiellement sur la pr\u00e9vention et la promotion de la sant\u00e9 plut\u00f4t que sur la gestion de la maladie aurait un plus grand impact sur la population et limiterait la croissance ph\u00e9nom\u00e9nale des co\u00fbt.<br \/>\nLa COVID-19 a mis en lumi\u00e8re la fragilit\u00e9 de notre syst\u00e8me de sant\u00e9  en mati\u00e8re de sant\u00e9  publique  et de pr\u00e9vention des maladies chroniques qui touchent majoritairement les gens au statut socio-\u00e9conomique pr\u00e9caire .La lourdeur structurelle  du syst\u00e8me de sant\u00e9  actuel ne permet pas de coordonner l\u2019offre de services pour satisfaire les besoins  des citoyens .<br \/>\nDe nombreux sp\u00e9cialistes ont d\u2019ailleurs remis en cause la valeur r\u00e9elle que ces soins apportent aux dimensions de la sant\u00e9 qui ont de l\u2019importance pour les patients par rapport \u00e0 leurs co\u00fbts.<br \/>\nIl faut donc prioriser la promotion de la sant\u00e9 par la pr\u00e9vention et placer les citoyens au c\u0153ur de la d\u00e9marche entam\u00e9e par le gouvernement en place en vue de rendre notre syst\u00e8me de sant\u00e9 plus moderne.<br \/>\nJe pense que les municipalit\u00e9s, les entreprises et les communautaires auront un r\u00f4le majeur \u00e0 jouer dans la restructuration des services de proximit\u00e9 .Une meilleure collaboration entre les services cliniques et les approches de sant\u00e9 publique permettrait de mieux accompagner les gens dans leurs trajectoires de vie o\u00f9, tr\u00e8s souvent, les enjeux de sant\u00e9 rel\u00e8vent de facteurs sociaux et \u00e9conomiques.<br \/>\n Par ailleurs ,l\u2019approche de la sant\u00e9 ax\u00e9e sur la sant\u00e9 de la population vise \u00e0 am\u00e9liorer  l\u2019\u00e9tat  de sant\u00e9 d\u2019une population enti\u00e8re et \u00e0 r\u00e9duire  les in\u00e9galit\u00e9s en mati\u00e8re de sant\u00e9 .Pour atteindre ce double objectif, le gouvernement s\u2019est pench\u00e9 sur le vaste \u00e9ventail de facteurs et de conditions exer\u00e7ant le plus d\u2019incidence sur notre sant\u00e9  et tente d\u2019influer  sur ceux \u2013ci .Ces facteurs sont multiples :le niveau de revenu et le statut social ,les r\u00e9seaux de soutien social ,l\u2019\u00e9ducation ,l\u2019emploi, les conditions de vie et de travail, le milieu social ,les habitudes de sant\u00e9 personnelles ,la capacit\u00e9 d\u2019adaptation ,le d\u00e9veloppement de la petite enfance  ,les services de sant\u00e9 .<br \/>\nCette approche de la sant\u00e9 de la population est per\u00e7ue au sein du gouvernement comme une mesure imp\u00e9rieuse couvrant la gamme compl\u00e8te des interventions possibles dans le syst\u00e8me de sant\u00e9 ,de la pr\u00e9vention et de la promotion de la sant\u00e9 \u00e0 la protection ,en passant par l\u2019\u00e9tablissement de diagnostic ,le traitement et les co\u00fbts\u2026,int\u00e9grant et harmonisant les diff\u00e9rentes mesures connexes \u00e0 ces interventions .<br \/>\nCette approche s\u2019inscrit dans le r\u00f4le plus vaste du plan d\u2019action du gouvernement : l\u2019am\u00e9lioration de la sant\u00e9 des Mauritaniens et des Mauritaniennes .Les mesures en mati\u00e8re de sant\u00e9 sont orient\u00e9es vers toute une population plut\u00f4t que vers des individus.<br \/>\nAussi peut-on conclure que les r\u00e9sultats ou les avantages de ces mesures ax\u00e9es sur la sant\u00e9 de la population s\u2019\u00e9tendent bien au \u2013del\u00e0 de l\u2019am\u00e9lioration de la sant\u00e9 des populations et tendent vers l\u2019\u00e9tablissement d\u2019un syst\u00e8me de sant\u00e9 durable et int\u00e9gr\u00e9, la poursuite de la croissance et de la productivit\u00e9 et l\u2019engagement des citoyens.<br \/>\nCheikh Ahmed Ould Mohamed<br \/>\nIng\u00e9nieur<br \/>\nChef du service Etudes et D\u00e9veloppement<br \/>\n\u00c9tablissement portuaire de la Baie et du Repos de Nouadhibou.<\/p>\n","protected":false},"excerpt":{"rendered":"<p>Il me semble important de jeter un regard sur nos conditions de vie et sur la fragilit\u00e9 de l\u2019\u00e9quilibre entre la sant\u00e9 humaine et l\u2019environnement. La sant\u00e9 est une ressource vitale \u00e0 notre bien-\u00eatre et \u00e0 la capacit\u00e9 de nous r\u00e9aliser .La sant\u00e9 ne saurait donc se limiter \u00e0 la seule absence de maladie ou &hellip;<\/p>\n","protected":false},"author":2,"featured_media":5056,"comment_status":"open","ping_status":"open","sticky":false,"template":"","format":"standard","meta":{"footnotes":""},"categories":[18,19],"tags":[],"class_list":["post-5280","post","type-post","status-publish","format-standard","has-post-thumbnail","hentry","category-actualites","category-tribune"],"_links":{"self":[{"href":"https:\/\/ladepeche.mr\/index.php?rest_route=\/wp\/v2\/posts\/5280","targetHints":{"allow":["GET"]}}],"collection":[{"href":"https:\/\/ladepeche.mr\/index.php?rest_route=\/wp\/v2\/posts"}],"about":[{"href":"https:\/\/ladepeche.mr\/index.php?rest_route=\/wp\/v2\/types\/post"}],"author":[{"embeddable":true,"href":"https:\/\/ladepeche.mr\/index.php?rest_route=\/wp\/v2\/users\/2"}],"replies":[{"embeddable":true,"href":"https:\/\/ladepeche.mr\/index.php?rest_route=%2Fwp%2Fv2%2Fcomments&post=5280"}],"version-history":[{"count":2,"href":"https:\/\/ladepeche.mr\/index.php?rest_route=\/wp\/v2\/posts\/5280\/revisions"}],"predecessor-version":[{"id":5288,"href":"https:\/\/ladepeche.mr\/index.php?rest_route=\/wp\/v2\/posts\/5280\/revisions\/5288"}],"wp:featuredmedia":[{"embeddable":true,"href":"https:\/\/ladepeche.mr\/index.php?rest_route=\/wp\/v2\/media\/5056"}],"wp:attachment":[{"href":"https:\/\/ladepeche.mr\/index.php?rest_route=%2Fwp%2Fv2%2Fmedia&parent=5280"}],"wp:term":[{"taxonomy":"category","embeddable":true,"href":"https:\/\/ladepeche.mr\/index.php?rest_route=%2Fwp%2Fv2%2Fcategories&post=5280"},{"taxonomy":"post_tag","embeddable":true,"href":"https:\/\/ladepeche.mr\/index.php?rest_route=%2Fwp%2Fv2%2Ftags&post=5280"}],"curies":[{"name":"wp","href":"https:\/\/api.w.org\/{rel}","templated":true}]}}