{"id":5282,"date":"2023-04-20T14:17:15","date_gmt":"2023-04-20T14:17:15","guid":{"rendered":"https:\/\/ladepeche.mr\/?p=5282"},"modified":"2023-04-20T14:17:15","modified_gmt":"2023-04-20T14:17:15","slug":"securite-le-chef-de-cabinet-de-la-presidence-meurt-dans-une-attaque-a-nara","status":"publish","type":"post","link":"https:\/\/ladepeche.mr\/?p=5282","title":{"rendered":"S\u00e9curit\u00e9 : le chef de cabinet de la pr\u00e9sidence meurt dans une attaque \u00e0 Nara"},"content":{"rendered":"<p>Quatre. C\u2019est le nombre de morts dans une attaque perp\u00e9tr\u00e9e par des hommes arm\u00e9s le 18 avril dernier sur l\u2019axe Guir\u00e9 \u2013 Nara a annonc\u00e9 hier le Chef d\u2019Etat major g\u00e9n\u00e9ral des Arm\u00e9es dans un communiqu\u00e9. Parmi les victimes, figure le chef de cabinet du pr\u00e9sident de la transition, l&#8217;Adjudant Oumar Traor\u00e9 qui \u00e9tait dans la d\u00e9l\u00e9gation. Cette information a \u00e9t\u00e9 confirm\u00e9e par un document interne de la pr\u00e9sidence qui \u00e9voque les obs\u00e8ques. Les autres victimes sont un agent de s\u00e9curit\u00e9, un chauffeur et un entrepreneur, op\u00e9rateur du forage. Un autre membre, un chauffeur est port\u00e9 disparu. Le communiqu\u00e9 de l&#8217;arm\u00e9e sur l&#8217;attaque mentionnait des agents d\u2019une entreprise de forage \u00ab mobilis\u00e9e dans le cadre des \u0153uvres sociales du Pr\u00e9sident de la Transition, Assimi Go\u00efta \u00bb. Par la suite, dans la soir\u00e9e un communiqu\u00e9 attribu\u00e9 au minist\u00e8re de la S\u00e9curit\u00e9 d\u00e9menti par la suite \u00e9voquait la mort du chef de cabinet dans l&#8217;attaque.<br \/>\nCet article S\u00e9curit\u00e9 : le chef de cabinet de la pr\u00e9sidence meurt dans une attaque \u00e0 Nara est apparu en premier sur Journal du Mali.<br \/>\nhttps:\/\/www.msn.com\/fr-xl\/actualite\/other\/s%C3%A9curit%C3%A9-le-chef-de-cabinet-de-la-pr%C3%A9sidence-meurt-dans-une-attaque-%C3%A0-nara\/ar-AA1a6k2J?ocid=winp1taskbar&#038;cvid=c860b0d059824b528e7772c1a5c029b5&#038;ei=37<\/p>\n","protected":false},"excerpt":{"rendered":"<p>Quatre. C\u2019est le nombre de morts dans une attaque perp\u00e9tr\u00e9e par des hommes arm\u00e9s le 18 avril dernier sur l\u2019axe Guir\u00e9 \u2013 Nara a annonc\u00e9 hier le Chef d\u2019Etat major g\u00e9n\u00e9ral des Arm\u00e9es dans un communiqu\u00e9. Parmi les victimes, figure le chef de cabinet du pr\u00e9sident de la transition, l&#8217;Adjudant Oumar Traor\u00e9 qui \u00e9tait dans &hellip;<\/p>\n","protected":false},"author":2,"featured_media":5283,"comment_status":"open","ping_status":"open","sticky":false,"template":"","format":"standard","meta":{"footnotes":""},"categories":[29,28],"tags":[],"class_list":["post-5282","post","type-post","status-publish","format-standard","has-post-thumbnail","hentry","category-monde","category-sahel"],"_links":{"self":[{"href":"https:\/\/ladepeche.mr\/index.php?rest_route=\/wp\/v2\/posts\/5282","targetHints":{"allow":["GET"]}}],"collection":[{"href":"https:\/\/ladepeche.mr\/index.php?rest_route=\/wp\/v2\/posts"}],"about":[{"href":"https:\/\/ladepeche.mr\/index.php?rest_route=\/wp\/v2\/types\/post"}],"author":[{"embeddable":true,"href":"https:\/\/ladepeche.mr\/index.php?rest_route=\/wp\/v2\/users\/2"}],"replies":[{"embeddable":true,"href":"https:\/\/ladepeche.mr\/index.php?rest_route=%2Fwp%2Fv2%2Fcomments&post=5282"}],"version-history":[{"count":1,"href":"https:\/\/ladepeche.mr\/index.php?rest_route=\/wp\/v2\/posts\/5282\/revisions"}],"predecessor-version":[{"id":5284,"href":"https:\/\/ladepeche.mr\/index.php?rest_route=\/wp\/v2\/posts\/5282\/revisions\/5284"}],"wp:featuredmedia":[{"embeddable":true,"href":"https:\/\/ladepeche.mr\/index.php?rest_route=\/wp\/v2\/media\/5283"}],"wp:attachment":[{"href":"https:\/\/ladepeche.mr\/index.php?rest_route=%2Fwp%2Fv2%2Fmedia&parent=5282"}],"wp:term":[{"taxonomy":"category","embeddable":true,"href":"https:\/\/ladepeche.mr\/index.php?rest_route=%2Fwp%2Fv2%2Fcategories&post=5282"},{"taxonomy":"post_tag","embeddable":true,"href":"https:\/\/ladepeche.mr\/index.php?rest_route=%2Fwp%2Fv2%2Ftags&post=5282"}],"curies":[{"name":"wp","href":"https:\/\/api.w.org\/{rel}","templated":true}]}}