{"id":5285,"date":"2023-04-20T15:30:30","date_gmt":"2023-04-20T15:30:30","guid":{"rendered":"https:\/\/ladepeche.mr\/?p=5285"},"modified":"2023-04-20T14:21:32","modified_gmt":"2023-04-20T14:21:32","slug":"au-burkina-faso-ibrahim-traore-a-signe-le-decret-de-mobilisation-generale","status":"publish","type":"post","link":"https:\/\/ladepeche.mr\/?p=5285","title":{"rendered":"Au Burkina Faso, Ibrahim Traor\u00e9 a sign\u00e9 le d\u00e9cret de mobilisation g\u00e9n\u00e9rale"},"content":{"rendered":"<p>Les autorit\u00e9s de transition burkinab\u00e8 peuvent d\u00e9sormais r\u00e9quisitionner les hommes d\u2019au moins 18 ans pour participer \u00e0 l\u2019effort de guerre.<br \/>\nLe capitaine Ibrahim Traor\u00e9 a sign\u00e9 le 19 avril un d\u00e9cret de \u00ab mobilisation g\u00e9n\u00e9rale \u00bb d\u2019une dur\u00e9e d\u2019un an, permettant si besoin la r\u00e9quisition des \u00ab jeunes de 18 ans et plus \u00bb pour lutter contre les jihadistes qui ensanglantent le pays. Un communiqu\u00e9 de la pr\u00e9sidence avait annonc\u00e9 \u00ab la mobilisation g\u00e9n\u00e9rale \u00bb il y a une semaine, mais le d\u00e9cret n\u2019avait pas \u00e9t\u00e9 encore sign\u00e9, ni publi\u00e9.<\/p>\n<p>\u00c0 lire Au Burkina Faso, Ibrahim Traor\u00e9 d\u00e9cr\u00e8te la mobilisation g\u00e9n\u00e9rale<\/p>\n<p>Le texte pr\u00e9cise que, outre les membres des forces de d\u00e9fense et de s\u00e9curit\u00e9, en activit\u00e9 ou non, \u00ab les jeunes gens de 18 ans ou plus, non membres des forces arm\u00e9es nationales, physiquement aptes \u00bb, seront \u00ab appel\u00e9s \u00e0 s\u2019enr\u00f4ler selon les besoins exprim\u00e9s par les autorit\u00e9s comp\u00e9tentes \u00bb.<\/p>\n<p>Par ailleurs, un des quatorze articles du d\u00e9cret souligne que \u00ab les populations peuvent \u00e9galement s\u2019organiser, sous l\u2019encadrement des forces de d\u00e9fense et de s\u00e9curit\u00e9 pour d\u00e9fendre leur localit\u00e9 contre toutes formes de menaces notamment les groupes terroristes \u00bb.<\/p>\n<p>\u00ab Fort d\u00e9fi s\u00e9curitaire \u00bb<br \/>\nOutre \u00ab la mobilisation g\u00e9n\u00e9rale \u00bb et ce que les autorit\u00e9s appellent \u00ab la mise en garde \u00bb, il est \u00e9galement \u00ab fait appel \u00e0 des initiatives publiques ou priv\u00e9es, citoyennes de solidarit\u00e9 et de contributions \u00e0 l\u2019effort national de lutte contre le terrorisme au profit, en particulier des zones \u00e0 fort d\u00e9fi s\u00e9curitaire \u00bb, pr\u00e9cise le d\u00e9cret.<br \/>\nIl stipule aussi que \u00ab les droits et les libert\u00e9s individuels et collectifs garantis par les lois et r\u00e8glements peuvent dans certains cas \u00eatre restreints ou limit\u00e9s \u00bb. Il pr\u00e9cise cependant qu\u2019 \u00bbil ne peut \u00eatre d\u00e9rog\u00e9 aux droits fondamentaux notamment le droit \u00e0 la vie, le droit \u00e2 ne pas \u00eatre soumis \u00e0 la torture, ni \u00e0 des peines ou traitements cruels, inhumains ou d\u00e9gradants \u00bb.<\/p>\n<p>Dans un d\u00e9cret distinct, le capitaine Traor\u00e9 a \u00e9galement proc\u00e9d\u00e9 \u00e0 la cr\u00e9ation d\u2019une Coordination nationale de lutte contre le terrorisme (CNCT). Plac\u00e9e sous l\u2019autorit\u00e9 du Premier ministre, Apollinaire Joachimson Kyelem de Tambela, la CNCT est un dispositif de pilotage, de suivi et d\u2019\u00e9valuation de la mise en \u0153uvre de la strat\u00e9gie nationale de lutte contre le terrorisme.<\/p>\n<p>JA (avec AFP)<\/p>\n","protected":false},"excerpt":{"rendered":"<p>Les autorit\u00e9s de transition burkinab\u00e8 peuvent d\u00e9sormais r\u00e9quisitionner les hommes d\u2019au moins 18 ans pour participer \u00e0 l\u2019effort de guerre. Le capitaine Ibrahim Traor\u00e9 a sign\u00e9 le 19 avril un d\u00e9cret de \u00ab mobilisation g\u00e9n\u00e9rale \u00bb d\u2019une dur\u00e9e d\u2019un an, permettant si besoin la r\u00e9quisition des \u00ab jeunes de 18 ans et plus \u00bb pour &hellip;<\/p>\n","protected":false},"author":2,"featured_media":5286,"comment_status":"open","ping_status":"open","sticky":false,"template":"","format":"standard","meta":{"footnotes":""},"categories":[29,28],"tags":[],"class_list":["post-5285","post","type-post","status-publish","format-standard","has-post-thumbnail","hentry","category-monde","category-sahel"],"_links":{"self":[{"href":"https:\/\/ladepeche.mr\/index.php?rest_route=\/wp\/v2\/posts\/5285","targetHints":{"allow":["GET"]}}],"collection":[{"href":"https:\/\/ladepeche.mr\/index.php?rest_route=\/wp\/v2\/posts"}],"about":[{"href":"https:\/\/ladepeche.mr\/index.php?rest_route=\/wp\/v2\/types\/post"}],"author":[{"embeddable":true,"href":"https:\/\/ladepeche.mr\/index.php?rest_route=\/wp\/v2\/users\/2"}],"replies":[{"embeddable":true,"href":"https:\/\/ladepeche.mr\/index.php?rest_route=%2Fwp%2Fv2%2Fcomments&post=5285"}],"version-history":[{"count":1,"href":"https:\/\/ladepeche.mr\/index.php?rest_route=\/wp\/v2\/posts\/5285\/revisions"}],"predecessor-version":[{"id":5287,"href":"https:\/\/ladepeche.mr\/index.php?rest_route=\/wp\/v2\/posts\/5285\/revisions\/5287"}],"wp:featuredmedia":[{"embeddable":true,"href":"https:\/\/ladepeche.mr\/index.php?rest_route=\/wp\/v2\/media\/5286"}],"wp:attachment":[{"href":"https:\/\/ladepeche.mr\/index.php?rest_route=%2Fwp%2Fv2%2Fmedia&parent=5285"}],"wp:term":[{"taxonomy":"category","embeddable":true,"href":"https:\/\/ladepeche.mr\/index.php?rest_route=%2Fwp%2Fv2%2Fcategories&post=5285"},{"taxonomy":"post_tag","embeddable":true,"href":"https:\/\/ladepeche.mr\/index.php?rest_route=%2Fwp%2Fv2%2Ftags&post=5285"}],"curies":[{"name":"wp","href":"https:\/\/api.w.org\/{rel}","templated":true}]}}