{"id":5289,"date":"2023-04-21T01:36:46","date_gmt":"2023-04-21T01:36:46","guid":{"rendered":"https:\/\/ladepeche.mr\/?p=5289"},"modified":"2023-04-21T15:13:15","modified_gmt":"2023-04-21T15:13:15","slug":"mauritanie-remise-de-peine-a-loccasion-de-la-fete-el-fitr","status":"publish","type":"post","link":"https:\/\/ladepeche.mr\/?p=5289","title":{"rendered":"Mauritanie : Remise de peines \u00e0 l\u2019occasion de la f\u00eate \u00ab\u00a0El Fitr\u00a0\u00bb"},"content":{"rendered":"<p>La Pr\u00e9sidence de la R\u00e9publique a annonc\u00e9 qu&#8217;\u00e0 l&#8217;occasion du Eid Al-Fitr de l&#8217;an 1444 de l&#8217;H\u00e9gire, et selon un d\u00e9cret publi\u00e9 aujourd&#8217;hui, une r\u00e9duction d&#8217;un (1) an en vigueur de la peine privative de libert\u00e9 a \u00e9t\u00e9 accord\u00e9e \u00e0 263 prisonniers de droit commun objet d&#8217;une condamnation d\u00e9finitive.<br \/>\nSont exclus de cette r\u00e9duction les personnes reconnues coupables d&#8217;infractions li\u00e9es au meurtre avec pr\u00e9m\u00e9ditation, au terrorisme, au viol, \u00e0 la traite des personnes et aux pratiques esclavagistes, \u00e0 l&#8217;incitation \u00e0 la haine et \u00e0 la discrimination, au d\u00e9tournement et au gaspillage de deniers publics, \u00e0 la contrefa\u00e7on de la monnaie ou \u00e0 la contrebande de drogues hautement dangereuses.<\/p>\n","protected":false},"excerpt":{"rendered":"<p>La Pr\u00e9sidence de la R\u00e9publique a annonc\u00e9 qu&#8217;\u00e0 l&#8217;occasion du Eid Al-Fitr de l&#8217;an 1444 de l&#8217;H\u00e9gire, et selon un d\u00e9cret publi\u00e9 aujourd&#8217;hui, une r\u00e9duction d&#8217;un (1) an en vigueur de la peine privative de libert\u00e9 a \u00e9t\u00e9 accord\u00e9e \u00e0 263 prisonniers de droit commun objet d&#8217;une condamnation d\u00e9finitive. Sont exclus de cette r\u00e9duction les &hellip;<\/p>\n","protected":false},"author":2,"featured_media":4379,"comment_status":"open","ping_status":"open","sticky":false,"template":"","format":"standard","meta":{"footnotes":""},"categories":[18],"tags":[],"class_list":["post-5289","post","type-post","status-publish","format-standard","has-post-thumbnail","hentry","category-actualites"],"_links":{"self":[{"href":"https:\/\/ladepeche.mr\/index.php?rest_route=\/wp\/v2\/posts\/5289","targetHints":{"allow":["GET"]}}],"collection":[{"href":"https:\/\/ladepeche.mr\/index.php?rest_route=\/wp\/v2\/posts"}],"about":[{"href":"https:\/\/ladepeche.mr\/index.php?rest_route=\/wp\/v2\/types\/post"}],"author":[{"embeddable":true,"href":"https:\/\/ladepeche.mr\/index.php?rest_route=\/wp\/v2\/users\/2"}],"replies":[{"embeddable":true,"href":"https:\/\/ladepeche.mr\/index.php?rest_route=%2Fwp%2Fv2%2Fcomments&post=5289"}],"version-history":[{"count":4,"href":"https:\/\/ladepeche.mr\/index.php?rest_route=\/wp\/v2\/posts\/5289\/revisions"}],"predecessor-version":[{"id":5296,"href":"https:\/\/ladepeche.mr\/index.php?rest_route=\/wp\/v2\/posts\/5289\/revisions\/5296"}],"wp:featuredmedia":[{"embeddable":true,"href":"https:\/\/ladepeche.mr\/index.php?rest_route=\/wp\/v2\/media\/4379"}],"wp:attachment":[{"href":"https:\/\/ladepeche.mr\/index.php?rest_route=%2Fwp%2Fv2%2Fmedia&parent=5289"}],"wp:term":[{"taxonomy":"category","embeddable":true,"href":"https:\/\/ladepeche.mr\/index.php?rest_route=%2Fwp%2Fv2%2Fcategories&post=5289"},{"taxonomy":"post_tag","embeddable":true,"href":"https:\/\/ladepeche.mr\/index.php?rest_route=%2Fwp%2Fv2%2Ftags&post=5289"}],"curies":[{"name":"wp","href":"https:\/\/api.w.org\/{rel}","templated":true}]}}