{"id":5292,"date":"2023-04-21T15:06:03","date_gmt":"2023-04-21T15:06:03","guid":{"rendered":"https:\/\/ladepeche.mr\/?p=5292"},"modified":"2023-04-21T15:06:03","modified_gmt":"2023-04-21T15:06:03","slug":"art-et-culture-canada-le-drapeau-de-la-mauritanie-hisse-tres-haut","status":"publish","type":"post","link":"https:\/\/ladepeche.mr\/?p=5292","title":{"rendered":"ART ET CULTURE. Canada\/Le drapeau de la Mauritanie hiss\u00e9 tr\u00e8s haut."},"content":{"rendered":"<p>Le 27 mai 2023 \u00e0 Montr\u00e9al au Canada, toute  l\u2019Afrique sera en f\u00eate.  C\u2019est un \u00e9v\u00e9nement sans pr\u00e9c\u00e9dent. Tous les drapeaux des pays d\u2019Afrique  seront hiss\u00e9s sur l\u2019esplanade de la place sur laquelle sera organis\u00e9 un programme tr\u00e8s haut en couleurs et  particuli\u00e8rement riche par  la  diversit\u00e9 culturelle  et  artistique de toutes les contr\u00e9es du continent.<\/p>\n<p>Cet \u00e9v\u00e9nement marquera la c\u00e9l\u00e9bration de la Journ\u00e9e Mondiale des soixante ans d\u2019ind\u00e9pendance de l\u2019Afrique. Pour la premi\u00e8re fois, cette ann\u00e9e la Mauritanie a \u00e9t\u00e9 choisie  parmi les cinq pays  \u00e0 l\u2019honneur  pour parrainer et occuper une place privil\u00e9gi\u00e9e au cours  de cette  \u00e9dition qui sera organis\u00e9e \u00e0 Montr\u00e9al au Canada et \u00e0 laquelle seront invit\u00e9s tous les diplomates africains et beaucoup d\u2019autres diplomates de pays occidentaux  qui entretiennent des relations de coop\u00e9rations avec les pays africains. Toutes les associations des diasporas africaines de l\u2019Am\u00e9rique du Nord rivaliseront pour chacune rehausser l\u2019image de son pays.<\/p>\n<p>Prendront part \u00e0 cette f\u00eate africaine de dimension internationale, l\u2019Alg\u00e9rie, le Benin, le Burkina Faso, la C\u00f4te d\u2019Ivoire, le Cap-Vert, la Gambie, le Ghana, la Guin\u00e9e Conakry, la Guin\u00e9e Bissau, le Lib\u00e9ria, le Mali, la Mauritanie, le Niger, le Nig\u00e9ria, le S\u00e9n\u00e9gal, la Sierra-L\u00e9one, le Togo, la Tunisie,  la Libye, le Maroc, l\u2019\u00c9gypte,  le Burundi, les Comores, Djibouti, l\u2019\u00c9thiopie, l\u2019\u00c9rythr\u00e9e, le Kenya, le Rwanda, les Seychelles, la Somalie, le Soudan du Sud, le Soudan, la Tanzanie et l\u2019Ouganda. L\u2019\u00e9v\u00e9nement aura lieu au March\u00e9 Bon Secours, 304-rue Saint-Paul.<\/p>\n<p>Le choix de la Mauritanie comme l\u2019un des  pays d\u2019honneur organisateur est  une  victoire diplomatique qui r\u00e9compense  l\u2019abn\u00e9gation, la d\u00e9termination et l\u2019engagement  des responsables de  l\u2019Association  de la Communaut\u00e9 Mauritanienne vivant au Canada (la CMC), en particulier son pr\u00e9sident  Mene  Elemine El Houssein, qui s\u2019est battu  inlassablement pour hisser aussi haut le drapeau de son pays. <\/p>\n<p>Un tr\u00e8s grand stand sera r\u00e9serv\u00e9 \u00e0 la Mauritanie  et dans ce stand seront expos\u00e9s des objets d\u2019arts et de la Culture, des manuscrits sur  l\u2019histoire et le  rayonnement culturel et religieux du pays,  des instruments de musique traditionnelle, des objets d\u2019art culinaires, des r\u00e9cipients traditionnels. Des expositions photos sur le pass\u00e9, les traditions, les coutumes seront organis\u00e9es. Des films  documentaires de courts m\u00e9trages sur la Mauritanie pass\u00e9e et contemporaine seront projet\u00e9s.<\/p>\n<p>Un espace sera d\u00e9di\u00e9 \u00e0 la promotion de l\u2019art et de la Culture et des expositions sp\u00e9cifiques qui refl\u00e8teront les diversit\u00e9s  \u00e9conomiques et touristiques de la Mauritanie pour mieux faire connaitre ce pays aux  visiteurs et aux investisseurs \u00e9ventuels.<\/p>\n<p>A l\u2019ouverture de la c\u00e9r\u00e9monie la Mauritanie participera \u00e0 un d\u00e9fil\u00e9 qui sera effectu\u00e9 par des nationaux de diff\u00e9rentes communaut\u00e9s en tenues traditionnels.  La Mauritanie occupera aussi  une tr\u00e8s grande place de choix dans le village africains, o\u00f9 sous la tente traditionnelle r\u00e9serv\u00e9e au stand de la Mauritanie,  les invit\u00e9s et les visiteurs pourront d\u00e9guster le th\u00e9 traditionnel et  le zrig national sous le son d\u2019une  berceuse de musique traditionnelle  mauritanienne diffus\u00e9e en continu.<\/p>\n<p>Les organisateurs du stand de notre pays  ont \u00e9galement pr\u00e9vus un espace pour la promotion des soci\u00e9t\u00e9s ou entreprises mauritaniennes d\u00e9sireuses de se faire connaitre.<br \/>\nL\u2019Afrique en f\u00eate se sera la 27 mai \u00e0 Montr\u00e9al  au Canada. La Mauritanie sera aussi en f\u00eate gr\u00e2ce \u00e0 vous et pour vous.<\/p>\n<p>Pour tous renseignements : Watsapp :  001 4388798940 et  34115409 \u2013 Courriels : associationcmcmembres@gmail.com \u2013 mchighali.fr707@gmail.com<\/p>\n","protected":false},"excerpt":{"rendered":"<p>Le 27 mai 2023 \u00e0 Montr\u00e9al au Canada, toute l\u2019Afrique sera en f\u00eate. C\u2019est un \u00e9v\u00e9nement sans pr\u00e9c\u00e9dent. Tous les drapeaux des pays d\u2019Afrique seront hiss\u00e9s sur l\u2019esplanade de la place sur laquelle sera organis\u00e9 un programme tr\u00e8s haut en couleurs et particuli\u00e8rement riche par la diversit\u00e9 culturelle et artistique de toutes les contr\u00e9es du &hellip;<\/p>\n","protected":false},"author":2,"featured_media":5293,"comment_status":"open","ping_status":"open","sticky":false,"template":"","format":"standard","meta":{"footnotes":""},"categories":[18,15],"tags":[],"class_list":["post-5292","post","type-post","status-publish","format-standard","has-post-thumbnail","hentry","category-actualites","category-culture"],"_links":{"self":[{"href":"https:\/\/ladepeche.mr\/index.php?rest_route=\/wp\/v2\/posts\/5292","targetHints":{"allow":["GET"]}}],"collection":[{"href":"https:\/\/ladepeche.mr\/index.php?rest_route=\/wp\/v2\/posts"}],"about":[{"href":"https:\/\/ladepeche.mr\/index.php?rest_route=\/wp\/v2\/types\/post"}],"author":[{"embeddable":true,"href":"https:\/\/ladepeche.mr\/index.php?rest_route=\/wp\/v2\/users\/2"}],"replies":[{"embeddable":true,"href":"https:\/\/ladepeche.mr\/index.php?rest_route=%2Fwp%2Fv2%2Fcomments&post=5292"}],"version-history":[{"count":1,"href":"https:\/\/ladepeche.mr\/index.php?rest_route=\/wp\/v2\/posts\/5292\/revisions"}],"predecessor-version":[{"id":5294,"href":"https:\/\/ladepeche.mr\/index.php?rest_route=\/wp\/v2\/posts\/5292\/revisions\/5294"}],"wp:featuredmedia":[{"embeddable":true,"href":"https:\/\/ladepeche.mr\/index.php?rest_route=\/wp\/v2\/media\/5293"}],"wp:attachment":[{"href":"https:\/\/ladepeche.mr\/index.php?rest_route=%2Fwp%2Fv2%2Fmedia&parent=5292"}],"wp:term":[{"taxonomy":"category","embeddable":true,"href":"https:\/\/ladepeche.mr\/index.php?rest_route=%2Fwp%2Fv2%2Fcategories&post=5292"},{"taxonomy":"post_tag","embeddable":true,"href":"https:\/\/ladepeche.mr\/index.php?rest_route=%2Fwp%2Fv2%2Ftags&post=5292"}],"curies":[{"name":"wp","href":"https:\/\/api.w.org\/{rel}","templated":true}]}}