{"id":5301,"date":"2023-04-22T16:06:48","date_gmt":"2023-04-22T16:06:48","guid":{"rendered":"https:\/\/ladepeche.mr\/?p=5301"},"modified":"2023-04-22T16:06:48","modified_gmt":"2023-04-22T16:06:48","slug":"le-president-de-la-republique-visite-des-dizaines-de-malades-a-lhopital-national-et-a-lhopital-mere-et-enfant-et-les-assure-de-son-soutien","status":"publish","type":"post","link":"https:\/\/ladepeche.mr\/?p=5301","title":{"rendered":"Le Pr\u00e9sident de la R\u00e9publique visite des dizaines de malades \u00e0 l\u2019h\u00f4pital national et \u00e0 l\u2019h\u00f4pital m\u00e8re et enfant et les assure de son soutien"},"content":{"rendered":"<p>Le Pr\u00e9sident de la R\u00e9publique, Son Excellence Monsieur Mohamed Ould Cheikh El Ghazouani, a visit\u00e9, vendredi, apr\u00e8s la pri\u00e8re de Id El Fitr El Moubarek, l\u2019h\u00f4pital M\u00e8re et enfant au Ksar et l\u2019h\u00f4pital national, au centre de la capitale et ce pour s\u2019informer de la situation des malades, les saluer et les assurer de son soutien.<br \/>\nLe Pr\u00e9sident de la R\u00e9publique a tenu \u00e0 ce que cette visite priv\u00e9e ait un cachet social et humanitaire au lieu qu\u2019elle soit de routine et limit\u00e9e \u00e0 s\u2019informer sur la situation des h\u00f4pitaux visit\u00e9es.<\/p>\n<p>L\u2019h\u00f4pital national a \u00e9t\u00e9 choisi pour cette visite en consid\u00e9ration de son importance et de son anciennet\u00e9 mais aussi en raison de son caract\u00e8re national en ce sens qu\u2019il est la destination de tous les citoyens venant de toutes les wilayas pour recevoir les soins sanitaires.<\/p>\n<p>Quant au choix de l\u2019h\u00f4pital \u00ab M\u00e8re et Enfant \u00bb, il s\u2019explique par le fait qu\u2019il est sp\u00e9cialis\u00e9 et qu\u2019il dispense les prestations destin\u00e9es essentiellement aux m\u00e8res et aux enfants, deux couches vuln\u00e9rables de la soci\u00e9t\u00e9.<br \/>\nAu cours de cette visite, des dizaines de malades ont pu \u00e9changer directement avec le Pr\u00e9sident de la R\u00e9publique qui a tenu \u00e0 les saluer, \u00e0 s\u2019informer sur leur situation et \u00e0 les assurer de son soutien et de l\u2019int\u00e9r\u00eat qu\u2019il leur accorde. Il se penchait sur les malades, posait sa main sur les t\u00eates des enfants et s\u2019informait sur l\u2019\u00e9tat de sant\u00e9 des m\u00e8res.<\/p>\n<p>La visite a \u00e9t\u00e9 aussi marqu\u00e9e par la pr\u00e9sentation par le Pr\u00e9sident de la R\u00e9publique d\u2019aides financi\u00e8res d\u2019un montant de 100 000 anciens ouguiyas \u00e0 chacun des 60 malades visit\u00e9s (40 dans l\u2019h\u00f4pital national et 20 dans l\u2019h\u00f4pital M\u00e8re et Enfant).<br \/>\nLe Pr\u00e9sident de la R\u00e9publique a aussi donn\u00e9 des instructions directes pour que les malades les plus n\u00e9cessiteux b\u00e9n\u00e9ficient de la couverture de l\u2019assurance maladie gr\u00e2ce \u00e0, leur enregistrement imm\u00e9diat sur le syst\u00e8me d\u2019assurance maladie, b\u00e9n\u00e9ficiant, par cons\u00e9quent, imm\u00e9diatement, des avantages qu\u2019offre le syst\u00e8me aux malades.<\/p>\n<p>Cette visite est la premi\u00e8re de son genre en Mauritanie, car ayant montr\u00e9 l\u2019int\u00e9r\u00eat qu\u2019accorde le Pr\u00e9sident de la R\u00e9publique, Monsieur Mohamed Ould Cheikh El Ghazouani, loin de tapage et en l\u2019absence totale de la couverture m\u00e9diatique habituelle, en plus du fait qu\u2019elle co\u00efncide avec la f\u00eate d\u2019El Fitr b\u00e9nie, ce que d\u2019ailleurs n\u2019ont pas manqu\u00e9 de souligner les malades dans les deux h\u00f4pitaux qui ont aussi salu\u00e9 ce geste g\u00e9n\u00e9reux et ses r\u00e9percussions psychologiques et mat\u00e9rielles sur les b\u00e9n\u00e9ficiaires.<\/p>\n<p>Au cours de cette visite, le Pr\u00e9sident de la R\u00e9publique \u00e9tait accompagn\u00e9 du ministre de la Sant\u00e9, M. Moctar Ould Dahi, du directeur de Cabinet du Pr\u00e9sident de la R\u00e9publique, M. Ismail ould Cheikh Ahmed et du directeur g\u00e9n\u00e9ral du Protocole d\u2019Etat, M. El Hacen Ould Ahmed.<\/p>\n","protected":false},"excerpt":{"rendered":"<p>Le Pr\u00e9sident de la R\u00e9publique, Son Excellence Monsieur Mohamed Ould Cheikh El Ghazouani, a visit\u00e9, vendredi, apr\u00e8s la pri\u00e8re de Id El Fitr El Moubarek, l\u2019h\u00f4pital M\u00e8re et enfant au Ksar et l\u2019h\u00f4pital national, au centre de la capitale et ce pour s\u2019informer de la situation des malades, les saluer et les assurer de son &hellip;<\/p>\n","protected":false},"author":2,"featured_media":5302,"comment_status":"open","ping_status":"open","sticky":false,"template":"","format":"standard","meta":{"footnotes":""},"categories":[18,27],"tags":[],"class_list":["post-5301","post","type-post","status-publish","format-standard","has-post-thumbnail","hentry","category-actualites","category-sante"],"_links":{"self":[{"href":"https:\/\/ladepeche.mr\/index.php?rest_route=\/wp\/v2\/posts\/5301","targetHints":{"allow":["GET"]}}],"collection":[{"href":"https:\/\/ladepeche.mr\/index.php?rest_route=\/wp\/v2\/posts"}],"about":[{"href":"https:\/\/ladepeche.mr\/index.php?rest_route=\/wp\/v2\/types\/post"}],"author":[{"embeddable":true,"href":"https:\/\/ladepeche.mr\/index.php?rest_route=\/wp\/v2\/users\/2"}],"replies":[{"embeddable":true,"href":"https:\/\/ladepeche.mr\/index.php?rest_route=%2Fwp%2Fv2%2Fcomments&post=5301"}],"version-history":[{"count":1,"href":"https:\/\/ladepeche.mr\/index.php?rest_route=\/wp\/v2\/posts\/5301\/revisions"}],"predecessor-version":[{"id":5303,"href":"https:\/\/ladepeche.mr\/index.php?rest_route=\/wp\/v2\/posts\/5301\/revisions\/5303"}],"wp:featuredmedia":[{"embeddable":true,"href":"https:\/\/ladepeche.mr\/index.php?rest_route=\/wp\/v2\/media\/5302"}],"wp:attachment":[{"href":"https:\/\/ladepeche.mr\/index.php?rest_route=%2Fwp%2Fv2%2Fmedia&parent=5301"}],"wp:term":[{"taxonomy":"category","embeddable":true,"href":"https:\/\/ladepeche.mr\/index.php?rest_route=%2Fwp%2Fv2%2Fcategories&post=5301"},{"taxonomy":"post_tag","embeddable":true,"href":"https:\/\/ladepeche.mr\/index.php?rest_route=%2Fwp%2Fv2%2Ftags&post=5301"}],"curies":[{"name":"wp","href":"https:\/\/api.w.org\/{rel}","templated":true}]}}