{"id":5304,"date":"2023-04-23T17:07:48","date_gmt":"2023-04-23T17:07:48","guid":{"rendered":"https:\/\/ladepeche.mr\/?p=5304"},"modified":"2023-04-23T17:16:54","modified_gmt":"2023-04-23T17:16:54","slug":"cheikhna-ould-nenni-revient-par-el-insaf","status":"publish","type":"post","link":"https:\/\/ladepeche.mr\/?p=5304","title":{"rendered":"Politique: Cheikhna Ould Nenni revient par El Insaf"},"content":{"rendered":"<p>\u00c9cart\u00e9 lors de l\u2019organisation, en parall\u00e8le, d\u2019un meeting politique, en soutien au pr\u00e9sident de la R\u00e9publique, et relev\u00e9 de son poste d\u2019ambassadeur aupr\u00e8s de l\u2019UNESCO, Cheikhna Ould Nenni, revient par la porte du parti \u00abEl Insaf\u00a0\u00bb o\u00f9 il est d\u00e9sign\u00e9 conseiller politique pour la campagne \u00e9lectorale.<br \/>\nL\u2019ancien magna de la presse, oncle de la Premi\u00e8re Dame, reprend donc du service apr\u00e8s une courte travers\u00e9e du d\u00e9sert.<\/p>\n","protected":false},"excerpt":{"rendered":"<p>\u00c9cart\u00e9 lors de l\u2019organisation, en parall\u00e8le, d\u2019un meeting politique, en soutien au pr\u00e9sident de la R\u00e9publique, et relev\u00e9 de son poste d\u2019ambassadeur aupr\u00e8s de l\u2019UNESCO, Cheikhna Ould Nenni, revient par la porte du parti \u00abEl Insaf\u00a0\u00bb o\u00f9 il est d\u00e9sign\u00e9 conseiller politique pour la campagne \u00e9lectorale. L\u2019ancien magna de la presse, oncle de la Premi\u00e8re &hellip;<\/p>\n","protected":false},"author":2,"featured_media":2913,"comment_status":"open","ping_status":"open","sticky":false,"template":"","format":"standard","meta":{"footnotes":""},"categories":[18,25],"tags":[],"class_list":["post-5304","post","type-post","status-publish","format-standard","has-post-thumbnail","hentry","category-actualites","category-en-forme"],"_links":{"self":[{"href":"https:\/\/ladepeche.mr\/index.php?rest_route=\/wp\/v2\/posts\/5304","targetHints":{"allow":["GET"]}}],"collection":[{"href":"https:\/\/ladepeche.mr\/index.php?rest_route=\/wp\/v2\/posts"}],"about":[{"href":"https:\/\/ladepeche.mr\/index.php?rest_route=\/wp\/v2\/types\/post"}],"author":[{"embeddable":true,"href":"https:\/\/ladepeche.mr\/index.php?rest_route=\/wp\/v2\/users\/2"}],"replies":[{"embeddable":true,"href":"https:\/\/ladepeche.mr\/index.php?rest_route=%2Fwp%2Fv2%2Fcomments&post=5304"}],"version-history":[{"count":4,"href":"https:\/\/ladepeche.mr\/index.php?rest_route=\/wp\/v2\/posts\/5304\/revisions"}],"predecessor-version":[{"id":5311,"href":"https:\/\/ladepeche.mr\/index.php?rest_route=\/wp\/v2\/posts\/5304\/revisions\/5311"}],"wp:featuredmedia":[{"embeddable":true,"href":"https:\/\/ladepeche.mr\/index.php?rest_route=\/wp\/v2\/media\/2913"}],"wp:attachment":[{"href":"https:\/\/ladepeche.mr\/index.php?rest_route=%2Fwp%2Fv2%2Fmedia&parent=5304"}],"wp:term":[{"taxonomy":"category","embeddable":true,"href":"https:\/\/ladepeche.mr\/index.php?rest_route=%2Fwp%2Fv2%2Fcategories&post=5304"},{"taxonomy":"post_tag","embeddable":true,"href":"https:\/\/ladepeche.mr\/index.php?rest_route=%2Fwp%2Fv2%2Ftags&post=5304"}],"curies":[{"name":"wp","href":"https:\/\/api.w.org\/{rel}","templated":true}]}}