{"id":5307,"date":"2023-04-23T17:13:55","date_gmt":"2023-04-23T17:13:55","guid":{"rendered":"https:\/\/ladepeche.mr\/?p=5307"},"modified":"2023-04-23T17:15:25","modified_gmt":"2023-04-23T17:15:25","slug":"snim-chiffre-daffaire-en-chute-libre","status":"publish","type":"post","link":"https:\/\/ladepeche.mr\/?p=5307","title":{"rendered":"Snim: Chiffre d\u2019affaire en chute libre"},"content":{"rendered":"<p>Les r\u00e9sultats enregistr\u00e9s en 2021 ne sont plus qu\u2019un vieux souvenir.  L\u2019entreprise tente de se camoufler derri\u00e8re un \u00e9cran de fum\u00e9e symbolis\u00e9 par un niveau de \u00ab ventes record \u00bb qui aurait atteint 13,35 millions de tonnes en 2022. Dans le m\u00eame temps la soci\u00e9t\u00e9 enregistre une baisse \u2013elle aussi record- de son chiffre d&#8217;affaires qui a d\u00e9gringol\u00e9 de 23% par rapport \u00e0 2021 perdant plus d\u2019un demi-milliard de dollar. Le conseil d\u2019administration, qui a ent\u00e9rin\u00e9 les r\u00e9sultats, est avis\u00e9 d\u2019une p\u00e9riode trouble en perspective.<\/p>\n","protected":false},"excerpt":{"rendered":"<p>Les r\u00e9sultats enregistr\u00e9s en 2021 ne sont plus qu\u2019un vieux souvenir. L\u2019entreprise tente de se camoufler derri\u00e8re un \u00e9cran de fum\u00e9e symbolis\u00e9 par un niveau de \u00ab ventes record \u00bb qui aurait atteint 13,35 millions de tonnes en 2022. Dans le m\u00eame temps la soci\u00e9t\u00e9 enregistre une baisse \u2013elle aussi record- de son chiffre d&#8217;affaires &hellip;<\/p>\n","protected":false},"author":2,"featured_media":2637,"comment_status":"open","ping_status":"open","sticky":false,"template":"","format":"standard","meta":{"footnotes":""},"categories":[18,2,26],"tags":[],"class_list":["post-5307","post","type-post","status-publish","format-standard","has-post-thumbnail","hentry","category-actualites","category-economie","category-en-panne"],"_links":{"self":[{"href":"https:\/\/ladepeche.mr\/index.php?rest_route=\/wp\/v2\/posts\/5307","targetHints":{"allow":["GET"]}}],"collection":[{"href":"https:\/\/ladepeche.mr\/index.php?rest_route=\/wp\/v2\/posts"}],"about":[{"href":"https:\/\/ladepeche.mr\/index.php?rest_route=\/wp\/v2\/types\/post"}],"author":[{"embeddable":true,"href":"https:\/\/ladepeche.mr\/index.php?rest_route=\/wp\/v2\/users\/2"}],"replies":[{"embeddable":true,"href":"https:\/\/ladepeche.mr\/index.php?rest_route=%2Fwp%2Fv2%2Fcomments&post=5307"}],"version-history":[{"count":2,"href":"https:\/\/ladepeche.mr\/index.php?rest_route=\/wp\/v2\/posts\/5307\/revisions"}],"predecessor-version":[{"id":5309,"href":"https:\/\/ladepeche.mr\/index.php?rest_route=\/wp\/v2\/posts\/5307\/revisions\/5309"}],"wp:featuredmedia":[{"embeddable":true,"href":"https:\/\/ladepeche.mr\/index.php?rest_route=\/wp\/v2\/media\/2637"}],"wp:attachment":[{"href":"https:\/\/ladepeche.mr\/index.php?rest_route=%2Fwp%2Fv2%2Fmedia&parent=5307"}],"wp:term":[{"taxonomy":"category","embeddable":true,"href":"https:\/\/ladepeche.mr\/index.php?rest_route=%2Fwp%2Fv2%2Fcategories&post=5307"},{"taxonomy":"post_tag","embeddable":true,"href":"https:\/\/ladepeche.mr\/index.php?rest_route=%2Fwp%2Fv2%2Ftags&post=5307"}],"curies":[{"name":"wp","href":"https:\/\/api.w.org\/{rel}","templated":true}]}}