{"id":5317,"date":"2023-04-26T10:11:49","date_gmt":"2023-04-26T10:11:49","guid":{"rendered":"https:\/\/ladepeche.mr\/?p=5317"},"modified":"2023-04-26T10:33:49","modified_gmt":"2023-04-26T10:33:49","slug":"economie-avis-de-tempete-ou-fausse-alerte","status":"publish","type":"post","link":"https:\/\/ladepeche.mr\/?p=5317","title":{"rendered":"Economie : Avis de temp\u00eate ou fausse alerte?"},"content":{"rendered":"<p>Tout a \u00e9t\u00e9 dit \u2013ou presque- sur les d\u00e9fis \u00e9conomiques actuels pour des pays \u00e0 faibles revenus comme le n\u00f4tre. Le constat est qu\u2019il y a in\u00e9luctablement, \u00e0 travers le monde, un ralentissement de croissance qui laissera la porte ouverte -pour les pays qui le peuvent encore- \u00e0 un plus d\u2019endettement. Malgr\u00e9 la prestation des repr\u00e9sentants du gouvernement aux r\u00e9unions du printemps du Fmi et de la BM, les m\u00eames d\u00e9fis continuent de se poser avec acuit\u00e9 pour notre gouvernement.<br \/>\nCe n\u2019\u00e9tait pas donc une surprise que les principaux minist\u00e8res impliqu\u00e9s dans la gouvernance \u00e9conomique et financi\u00e8re du pays \u00e9taient l\u00e0. L\u2019on est donc loin d\u2019\u00eatre sortis de l\u2019auberge pour la recherche d\u2019un \u00e9quilibre \u00e9conomique d\u00e9j\u00e0 pr\u00e9caire et o\u00f9 la BCM ne semble pas avoir d\u2019autre alternative que de tenir des deux mains le gouvernail en cherchant \u00e0 garder le cap pour \u00e9viter les \u00e9cueils et man\u0153uvrer prudemment pour traverser, avec le moindre mal, la temp\u00eate financi\u00e8re internationale actuelle. L\u2019\u00e9conomie sera-t-elle encore r\u00e9siliente ?<br \/>\nL\u2019image peu \u00e9logieuse d\u2019un rapport de l\u2019OCDE sur la \u00abfragilit\u00e9 \u00bb de notre pays et sur ses (in)capacit\u00e9s \u00e0 juguler sinon att\u00e9nuer les effets pervers de sa r\u00e9cession t\u00e9moigne aussi que les autorit\u00e9s ne pourront pas valablement relever la t\u00eate du gouffre de l\u2019endettement car la marge de man\u0153uvre reste limite (environ 55 % du PIB aujourd\u2019hui). Ce ne sera donc pas la premi\u00e8re fois que notre pays sera accul\u00e9, non seulement, en raison d\u2019une gestion pas toujours efficace, mais aussi pour, comme beaucoup d\u2019autres pays du Continent, parce qu\u2019il doit tirer les marrons du feu d\u2019une crise internationale entre l\u2019Occident et la Russie \u00e0 propos de l\u2019Ukraine qui a impact\u00e9 toute la plan\u00e8te.<br \/>\nLe MAEPSP s\u2019ing\u00e9nie \u00e0 cr\u00e9er les projets et trouver les meilleures recettes pour venir au secours d\u2019une \u00e9conomie plant\u00e9e par une superinflation qui rend la vie des citoyens intenable. C\u2019est, en effet, le secteur productif qui stimule la cr\u00e9ation et l\u2019int\u00e9r\u00eat de l\u2019investissement rentable. Il faut saluer, \u00e0 ce niveau, le d\u00e9clic donn\u00e9 par l\u2019APIM \u00e0 l\u2019investissement cr\u00e9ateur d\u2019emplois. Le minist\u00e8re des Finances contribue aussi \u00e0 la mobilisation des ressources ainsi qu\u2019\u00e0 la bonne tenue budg\u00e9taire. Mais le challenge de sortir indemne de la crise multidimensionnelle met en \u00e9vidence le r\u00f4le de r\u00e9gulateur et de m\u00e9tronome de la Banque centrale malgr\u00e9 une inflation galopante \u00e0 deux chiffres ; soit 10% du PIB en janvier 2023 apr\u00e8s avoir touch\u00e9 le seuil de 12% synonyme d\u2019une banqueroute \u00e9conomique. La Banque centrale est donc attendue sur ses actions pour une stabilit\u00e9 \u00e9conomique via une judicieuse politique fiscale et mon\u00e9taire notamment en \u00e9vitant une d\u00e9pr\u00e9ciation pr\u00e9judiciable au taux de change de la monnaie nationale. Nous le constatons aussi depuis juillet 2022, le conseil de politique mon\u00e9taire de la BCM maintient, contre vents et mar\u00e9es, le taux directeur inchang\u00e9 pour appr\u00e9cier, au jour le jour, les caveaux des banques commerciales dont certaines ne sont pas toujours en odeur de saintet\u00e9 avec les limiers de la compense.<br \/>\nN\u00e9anmoins, la cause est entendue pour les autorit\u00e9s mauritaniennes et leurs partenaires, depuis les derni\u00e8res r\u00e9unions avec les institutions de Bretton Woods, lorsque l\u2019accent a \u00e9t\u00e9 mis sur l\u2019int\u00e9r\u00eat pour notre pays de mobiliser des ressources internes en cr\u00e9ant un environnement favorable \u00e0 la production et au secteur priv\u00e9 afin de booster un d\u00e9veloppement rapide et durable. <\/p>\n<p>JD<\/p>\n","protected":false},"excerpt":{"rendered":"<p>Tout a \u00e9t\u00e9 dit \u2013ou presque- sur les d\u00e9fis \u00e9conomiques actuels pour des pays \u00e0 faibles revenus comme le n\u00f4tre. Le constat est qu\u2019il y a in\u00e9luctablement, \u00e0 travers le monde, un ralentissement de croissance qui laissera la porte ouverte -pour les pays qui le peuvent encore- \u00e0 un plus d\u2019endettement. Malgr\u00e9 la prestation des &hellip;<\/p>\n","protected":false},"author":2,"featured_media":5221,"comment_status":"open","ping_status":"open","sticky":false,"template":"","format":"standard","meta":{"footnotes":""},"categories":[18,2],"tags":[],"class_list":["post-5317","post","type-post","status-publish","format-standard","has-post-thumbnail","hentry","category-actualites","category-economie"],"_links":{"self":[{"href":"https:\/\/ladepeche.mr\/index.php?rest_route=\/wp\/v2\/posts\/5317","targetHints":{"allow":["GET"]}}],"collection":[{"href":"https:\/\/ladepeche.mr\/index.php?rest_route=\/wp\/v2\/posts"}],"about":[{"href":"https:\/\/ladepeche.mr\/index.php?rest_route=\/wp\/v2\/types\/post"}],"author":[{"embeddable":true,"href":"https:\/\/ladepeche.mr\/index.php?rest_route=\/wp\/v2\/users\/2"}],"replies":[{"embeddable":true,"href":"https:\/\/ladepeche.mr\/index.php?rest_route=%2Fwp%2Fv2%2Fcomments&post=5317"}],"version-history":[{"count":6,"href":"https:\/\/ladepeche.mr\/index.php?rest_route=\/wp\/v2\/posts\/5317\/revisions"}],"predecessor-version":[{"id":5324,"href":"https:\/\/ladepeche.mr\/index.php?rest_route=\/wp\/v2\/posts\/5317\/revisions\/5324"}],"wp:featuredmedia":[{"embeddable":true,"href":"https:\/\/ladepeche.mr\/index.php?rest_route=\/wp\/v2\/media\/5221"}],"wp:attachment":[{"href":"https:\/\/ladepeche.mr\/index.php?rest_route=%2Fwp%2Fv2%2Fmedia&parent=5317"}],"wp:term":[{"taxonomy":"category","embeddable":true,"href":"https:\/\/ladepeche.mr\/index.php?rest_route=%2Fwp%2Fv2%2Fcategories&post=5317"},{"taxonomy":"post_tag","embeddable":true,"href":"https:\/\/ladepeche.mr\/index.php?rest_route=%2Fwp%2Fv2%2Ftags&post=5317"}],"curies":[{"name":"wp","href":"https:\/\/api.w.org\/{rel}","templated":true}]}}